{"id":462276,"date":"2026-08-31T11:01:42","date_gmt":"2026-08-31T09:01:42","guid":{"rendered":"https:\/\/hier-luebeck.de\/index.php\/pol-hl-hl-innenstadt-e-scooter-fahrerin-lebensgefaehrlich-verletzt\/"},"modified":"2026-08-31T11:01:42","modified_gmt":"2026-08-31T09:01:42","slug":"pol-hl-hl-innenstadt-e-scooter-fahrerin-lebensgefaehrlich-verletzt","status":"publish","type":"post","link":"https:\/\/hier-luebeck.de\/index.php\/pol-hl-hl-innenstadt-e-scooter-fahrerin-lebensgefaehrlich-verletzt\/","title":{"rendered":"POL-HL: HL-Innenstadt \/ E-Scooter-Fahrerin lebensgef\u00e4hrlich verletzt"},"content":{"rendered":"<p>L\u00fcbeck (ots) &#8211; <\/p>\n<p>In der Nacht zu Sonntag (30.08.2026) st\u00fcrzte eine 29 Jahre alte Frau im Bereich der L\u00fcbecker Innenstadt mit einem E-Sccoter und zog sich dabei lebensgef\u00e4hrliche Verletzungen zu. Ersten Erkenntnissen nach fuhr sie in der absch\u00fcssigen Holstenstra\u00dfe ohne Fremdeinwirkung gegen eine Baustellenbake und kam dadurch zu Fall. Einsatzkr\u00e4fte des Rettungsdienstes brachten die L\u00fcbeckerin zur weiteren Versorgung in ein Krankenhaus.<br \/>\nDen vorliegenden Erkenntnissen nach befuhr die L\u00fcbeckerin gegen 04:45 Uhr die Holstenstra\u00dfe bergab in Richtung Holstentor.<\/p>\n<p><!--more--><\/p>\n<p>Nachdem sie dort gegen eine  Baustellenbake prallte, st\u00fcrzte sie zu Boden. Beim Eintreffen von Polizei und Rettungsdienst k\u00fcmmerten sich mehrere Menschen um die lebensgef\u00e4hrlich verletzte Frau.<br \/>\nDie Beamten des 1. Polizeireviers \u00fcbernahmen die<br \/>\nVerkehrsunfallaufnahme. Es besteht der Anfangsverdacht, dass der private E-Scooter der Frau nicht versichert und nicht zugelassen ist. Zur weiteren Pr\u00fcfung wurde das Fahrzeug sichergestellt.<br \/>\nR\u00fcckfragen bitte an:<\/p>\n<p>Polizeidirektion L\u00fcbeck<br \/>\nStabsstelle \/ \u00d6ffentlichkeitsarbeit<br \/>\nUlli Fritz Gerlach &#8211; Pressesprecher &#8211;<br \/>\nTelefon: 0451 \/ 131-2006<br \/>\nFax: 0451 \/ 131 &#8211; 2019<br \/>\nE-Mail: Pressestelle.luebeck.pd@polizei.landsh.de<\/p>\n<p>Original-Content von: Polizeidirektion L\u00fcbeck, \u00fcbermittelt durch news aktuell<\/p>\n<p>Dieser Beitrag wurde automatisch von Presseportal.de zur Verf\u00fcgung gestellt: https:\/\/www.presseportal.de\/blaulicht\/pm\/43738\/6342637<\/p>\n","protected":false},"excerpt":{"rendered":"<p>L\u00fcbeck (ots) &#8211; In der Nacht zu Sonntag (30.08.2026) st\u00fcrzte eine 29 Jahre alte Frau im Bereich der L\u00fcbecker Innenstadt<\/p>\n","protected":false},"author":0,"featured_media":0,"comment_status":"open","ping_status":"open","sticky":false,"template":"","format":"standard","meta":{"colormag_page_container_layout":"default_layout","colormag_page_sidebar_layout":"default_layout","footnotes":""},"categories":[1527],"tags":[],"class_list":["post-462276","post","type-post","status-publish","format-standard","hentry","category-blaulicht"],"_links":{"self":[{"href":"https:\/\/hier-luebeck.de\/index.php\/wp-json\/wp\/v2\/posts\/462276","targetHints":{"allow":["GET"]}}],"collection":[{"href":"https:\/\/hier-luebeck.de\/index.php\/wp-json\/wp\/v2\/posts"}],"about":[{"href":"https:\/\/hier-luebeck.de\/index.php\/wp-json\/wp\/v2\/types\/post"}],"replies":[{"embeddable":true,"href":"https:\/\/hier-luebeck.de\/index.php\/wp-json\/wp\/v2\/comments?post=462276"}],"version-history":[{"count":0,"href":"https:\/\/hier-luebeck.de\/index.php\/wp-json\/wp\/v2\/posts\/462276\/revisions"}],"wp:attachment":[{"href":"https:\/\/hier-luebeck.de\/index.php\/wp-json\/wp\/v2\/media?parent=462276"}],"wp:term":[{"taxonomy":"category","embeddable":true,"href":"https:\/\/hier-luebeck.de\/index.php\/wp-json\/wp\/v2\/categories?post=462276"},{"taxonomy":"post_tag","embeddable":true,"href":"https:\/\/hier-luebeck.de\/index.php\/wp-json\/wp\/v2\/tags?post=462276"}],"curies":[{"name":"wp","href":"https:\/\/api.w.org\/{rel}","templated":true}]}}