{"id":462277,"date":"2026-08-31T08:32:20","date_gmt":"2026-08-31T06:32:20","guid":{"rendered":"https:\/\/hier-luebeck.de\/index.php\/pol-rz-fahrzeuginsassin-bei-verkehrsunfall-lebensgefaehrlich-verletzt\/"},"modified":"2026-08-31T08:32:20","modified_gmt":"2026-08-31T06:32:20","slug":"pol-rz-fahrzeuginsassin-bei-verkehrsunfall-lebensgefaehrlich-verletzt","status":"publish","type":"post","link":"https:\/\/hier-luebeck.de\/index.php\/pol-rz-fahrzeuginsassin-bei-verkehrsunfall-lebensgefaehrlich-verletzt\/","title":{"rendered":"POL-RZ: Fahrzeuginsassin bei Verkehrsunfall lebensgef\u00e4hrlich verletzt"},"content":{"rendered":"<p>Ratzeburg (ots) &#8211; <\/p>\n<p>31.08.2026 | Kreis Herzogtum Lauenburg | 28.08.2026 &#8211; Dassendorf<\/p>\n<p>Freitagabend ereignete sich in Dassendorf ein Verkehrsunfall. Dabei verletzten sich die drei Fahrzeuginsassen des unfallbeteiligten Audis zum Teil lebensgef\u00e4hrlich.<br \/>\nEin 19-j\u00e4hriger Reinbeker soll gegen 21.30 Uhr mit seinem Audi A6 den M\u00fchlenweg in Dassendorf in Fahrtrichtung Aum\u00fchle befahren haben. Aus bislang ungekl\u00e4rter Ursache soll der Audi nach der Ausfahrt aus einer leichten Linkskurve nach links von der Fahrbahn abgekommen und mit einem Erdwall kollidiert sein.<\/p>\n<p><!--more--><\/p>\n<p>Anschlie\u00dfend h\u00e4tte der Pkw sich gedreht und sei dann mit dem Heck gegen einen Baum geprallt. Von dort soll das Fahrzeug zun\u00e4chst abgeprallt, \u00fcber die komplette Fahrbahn geschleudert und letztendlich in der Einm\u00fcndung zum Gartenweg zum Stehen gekommen sein.<br \/>\nDer serbische Fahrzeugf\u00fchrer sowie seine 17-j\u00e4hrige Glinder Beifahrerin verletzten sich leicht und wurden anschlie\u00dfend in ein Krankenhaus gebracht. Eine 17-j\u00e4hrige Mitfahrerin aus Reinbek hingegen zog sich lebensgef\u00e4hrliche Verletzungen zu und wurde umgehend nach not\u00e4rztlicher Versorgung vor Ort in ein Krankenhaus eingeliefert.<br \/>\nNach R\u00fccksprache mit der Staatsanwaltschaft L\u00fcbeck wurde ein Gutachter zur Kl\u00e4rung der genauen Unfallursache hinzugezogen.<br \/>\nR\u00fcckfragen bitte an:<\/p>\n<p>Polizeidirektion Ratzeburg<br \/>\n&#8211; Stabsstelle \/ Presse &#8211;<br \/>\nSandra Kilian<br \/>\nTelefon: 04541\/809-2011<br \/>\nE-Mail: Presse.Ratzeburg.PD@polizei.landsh.de<\/p>\n<p>Original-Content von: Polizeidirektion Ratzeburg, \u00fcbermittelt durch news aktuell<\/p>\n<p>Dieser Beitrag wurde automatisch von Presseportal.de zur Verf\u00fcgung gestellt: https:\/\/www.presseportal.de\/blaulicht\/pm\/43735\/6342419<\/p>\n","protected":false},"excerpt":{"rendered":"<p>Ratzeburg (ots) &#8211; 31.08.2026 | Kreis Herzogtum Lauenburg | 28.08.2026 &#8211; Dassendorf Freitagabend ereignete sich in Dassendorf ein Verkehrsunfall. Dabei<\/p>\n","protected":false},"author":0,"featured_media":0,"comment_status":"open","ping_status":"open","sticky":false,"template":"","format":"standard","meta":{"colormag_page_container_layout":"default_layout","colormag_page_sidebar_layout":"default_layout","footnotes":""},"categories":[1527],"tags":[],"class_list":["post-462277","post","type-post","status-publish","format-standard","hentry","category-blaulicht"],"_links":{"self":[{"href":"https:\/\/hier-luebeck.de\/index.php\/wp-json\/wp\/v2\/posts\/462277","targetHints":{"allow":["GET"]}}],"collection":[{"href":"https:\/\/hier-luebeck.de\/index.php\/wp-json\/wp\/v2\/posts"}],"about":[{"href":"https:\/\/hier-luebeck.de\/index.php\/wp-json\/wp\/v2\/types\/post"}],"replies":[{"embeddable":true,"href":"https:\/\/hier-luebeck.de\/index.php\/wp-json\/wp\/v2\/comments?post=462277"}],"version-history":[{"count":0,"href":"https:\/\/hier-luebeck.de\/index.php\/wp-json\/wp\/v2\/posts\/462277\/revisions"}],"wp:attachment":[{"href":"https:\/\/hier-luebeck.de\/index.php\/wp-json\/wp\/v2\/media?parent=462277"}],"wp:term":[{"taxonomy":"category","embeddable":true,"href":"https:\/\/hier-luebeck.de\/index.php\/wp-json\/wp\/v2\/categories?post=462277"},{"taxonomy":"post_tag","embeddable":true,"href":"https:\/\/hier-luebeck.de\/index.php\/wp-json\/wp\/v2\/tags?post=462277"}],"curies":[{"name":"wp","href":"https:\/\/api.w.org\/{rel}","templated":true}]}}