{"id":462283,"date":"2026-09-01T16:09:02","date_gmt":"2026-09-01T14:09:02","guid":{"rendered":"https:\/\/hier-luebeck.de\/?p=462283"},"modified":"2026-09-01T16:09:02","modified_gmt":"2026-09-01T14:09:02","slug":"ehrenamt-staerken-einsamkeit-bekaempfen-gesellschaftlichen-zusammenhalt-leben","status":"publish","type":"post","link":"https:\/\/hier-luebeck.de\/index.php\/ehrenamt-staerken-einsamkeit-bekaempfen-gesellschaftlichen-zusammenhalt-leben\/","title":{"rendered":"Ehrenamt st\u00e4rken, Einsamkeit bek\u00e4mpfen, gesellschaftlichen Zusammenhalt leben"},"content":{"rendered":"<p>Anl\u00e4sslich des heute (1.9.26) von der Landesregierung vorgestellten 12-Punkte-Plans zur St\u00e4rkung des Ehrenamts sagt der ehrenamtspolitische Sprecher der Landtagsfraktion B\u00fcndnis 90\/Die Gr\u00fcnen, <strong>Jasper Balke<\/strong>:<!--more-->Der Staat lebt von Voraussetzungen, die er selbst nicht schaffen kann \u2013 und das Ehrenamt ist ein unverzichtbarer Teil davon, weil es den Zusammenhalt unserer Gesellschaft sichert. Als Land ist es deshalb in unserem eigenen Interesse, dem Ehrenamt durch hauptamtliche Unterst\u00fctzung und gute Strukturen die Arbeit zu erleichtern und Anreize f\u00fcr mehr ehrenamtliches Engagement zu schaffen.<\/p>\n<p>Dass wir den Kampf gegen Einsamkeit st\u00e4rker in den Blick nehmen, ist dabei absolut richtig. Denn Einsamkeit betrifft l\u00e4ngst nicht nur \u00e4ltere Menschen, sondern zunehmend auch junge Menschen und kann dort entstehen, wo Begegnungsr\u00e4ume und gesellschaftliche Bindungen fehlen. Ehrenamt kann solche R\u00e4ume schaffen, Menschen zusammenbringen und Zugeh\u00f6rigkeit erm\u00f6glichen.<\/p>\n<p>Daf\u00fcr sind die St\u00e4rkung der Mehrgenerationenh\u00e4user als wichtige Anlaufstellen, sowie die Sensibilisierung von Haupt- und Ehrenamtlichen f\u00fcr das Thema Einsamkeit wichtige Schritte hin zu einer Gesellschaft ohne Einsamkeit.<\/p>\n<p>Dennoch bleibt die Bek\u00e4mpfung von Einsamkeit aber eine gesamtgesellschaftliche Aufgabe. Gerade in Zeiten zunehmender gesellschaftlicher Polarisierung brauchen wir wieder mehr Orte, an denen Menschen unabh\u00e4ngig von Alter, Einkommen, Herkunft oder politischer \u00dcberzeugung miteinander ins Gespr\u00e4ch kommen und gemeinsam Verantwortung \u00fcbernehmen.<\/p>\n<p>Mit der Weiterentwicklung von engagiert-in-sh, besseren M\u00f6glichkeiten f\u00fcr Beratung, Qualifizierung und Vernetzung und der geplanten Novellierung der ressort\u00fcbergreifenden Engagementstrategie machen wir als Land deutlich, dass die St\u00e4rkung des Ehrenamts gerade in politisch schwierigen Zeiten eine Investition in den gesellschaftlichen Zusammenhalt und mehr Miteinander ist.<\/p>\n","protected":false},"excerpt":{"rendered":"<p>Anl\u00e4sslich des heute (1.9.26) von der Landesregierung vorgestellten 12-Punkte-Plans zur St\u00e4rkung des Ehrenamts sagt der ehrenamtspolitische Sprecher der Landtagsfraktion B\u00fcndnis<\/p>\n","protected":false},"author":3,"featured_media":454701,"comment_status":"closed","ping_status":"closed","sticky":false,"template":"","format":"standard","meta":{"colormag_page_container_layout":"default_layout","colormag_page_sidebar_layout":"default_layout","footnotes":""},"categories":[15,10,11,5],"tags":[28825,28826,28827],"class_list":["post-462283","post","type-post","status-publish","format-standard","has-post-thumbnail","hentry","category-kultur","category-lubeck-lupe","category-menschlich-gesehen","category-politik-wirtschaft","tag-ehrenamt-staerken","tag-einsamkeit-bekaempfen","tag-gesellschaftlichen-zusammenhalt-leben"],"_links":{"self":[{"href":"https:\/\/hier-luebeck.de\/index.php\/wp-json\/wp\/v2\/posts\/462283","targetHints":{"allow":["GET"]}}],"collection":[{"href":"https:\/\/hier-luebeck.de\/index.php\/wp-json\/wp\/v2\/posts"}],"about":[{"href":"https:\/\/hier-luebeck.de\/index.php\/wp-json\/wp\/v2\/types\/post"}],"author":[{"embeddable":true,"href":"https:\/\/hier-luebeck.de\/index.php\/wp-json\/wp\/v2\/users\/3"}],"replies":[{"embeddable":true,"href":"https:\/\/hier-luebeck.de\/index.php\/wp-json\/wp\/v2\/comments?post=462283"}],"version-history":[{"count":1,"href":"https:\/\/hier-luebeck.de\/index.php\/wp-json\/wp\/v2\/posts\/462283\/revisions"}],"predecessor-version":[{"id":462284,"href":"https:\/\/hier-luebeck.de\/index.php\/wp-json\/wp\/v2\/posts\/462283\/revisions\/462284"}],"wp:featuredmedia":[{"embeddable":true,"href":"https:\/\/hier-luebeck.de\/index.php\/wp-json\/wp\/v2\/media\/454701"}],"wp:attachment":[{"href":"https:\/\/hier-luebeck.de\/index.php\/wp-json\/wp\/v2\/media?parent=462283"}],"wp:term":[{"taxonomy":"category","embeddable":true,"href":"https:\/\/hier-luebeck.de\/index.php\/wp-json\/wp\/v2\/categories?post=462283"},{"taxonomy":"post_tag","embeddable":true,"href":"https:\/\/hier-luebeck.de\/index.php\/wp-json\/wp\/v2\/tags?post=462283"}],"curies":[{"name":"wp","href":"https:\/\/api.w.org\/{rel}","templated":true}]}}