{"id":462285,"date":"2026-09-01T16:16:52","date_gmt":"2026-09-01T14:16:52","guid":{"rendered":"https:\/\/hier-luebeck.de\/?p=462285"},"modified":"2026-09-01T16:16:52","modified_gmt":"2026-09-01T14:16:52","slug":"gewitterbilanz-sommer-2026-knapp-98-000-wolken-boden-blitze-in-deutschland-registriert","status":"publish","type":"post","link":"https:\/\/hier-luebeck.de\/index.php\/gewitterbilanz-sommer-2026-knapp-98-000-wolken-boden-blitze-in-deutschland-registriert\/","title":{"rendered":"Gewitterbilanz Sommer 2026: Knapp 98.000 Wolken-Boden-Blitze in Deutschland registriert"},"content":{"rendered":"<p>Unmittelbar nach dem Ende des meteorologischen Sommers (1. Juni bis 31. August) ver\u00f6ffentlicht <strong>Meteorage, eine Tochtergesellschaft von M\u00e9t\u00e9o-France mit Sitz in Pau und europ\u00e4ischer Experte f\u00fcr Blitzortung<\/strong>, seine Bilanz der Gewitteraktivit\u00e4t in Deutschland und Europa.<!--more-->Auch wenn der Sommer 2026 nicht zu den blitzreichsten Sommern der vergangenen Jahre z\u00e4hlt, war er von mehreren schweren Gewitterlagen gepr\u00e4gt, die zu gro\u00dfem Hagel, zerst\u00f6rerischen Windb\u00f6en, Starkregen und lokal sogar Tornados f\u00fchrten.<\/p>\n<p>Diese Wetterereignisse hatten sp\u00fcrbare Auswirkungen auf zahlreiche Wirtschaftssektoren, darunter Verkehr, Energieversorgung und Stromnetze, Freizeit- und Sportveranstaltungen, kritische Infrastrukturen sowie die Landwirtschaft, die besonders von Hagelsch\u00e4den betroffen war.<\/p>\n<h2>&#x26a1; Die wichtigsten Kennzahlen<\/h2>\n<p>Das Meteorage-Blitzortungsnetz registrierte zwischen dem 1. Juni und dem 31. August 2026 insgesamt <strong>97.899 Wolken-Boden-Blitze (CG) in Deutschland<\/strong>.<\/p>\n<p>Europaweit wurden im gleichen Zeitraum <strong>893.458 Wolken-Boden-Blitze<\/strong> erfasst.<\/p>\n<p>Deutschland belegt damit den <strong>4. Platz in Europa<\/strong>, hinter Italien, Frankreich und Spanien.<\/p>\n<h2>Der Juni war der aktivste Monat des Sommers<\/h2>\n<p>Im Gegensatz zu mehreren anderen europ\u00e4ischen L\u00e4ndern konzentrierte sich die Blitzaktivit\u00e4t in Deutschland vor allem auf den Beginn des Sommers.<\/p>\n<p>Mit <strong>47.053 Wolken-Boden-Blitzen<\/strong> war der Juni der gewitterreichste Monat der Saison und machte nahezu die H\u00e4lfte aller in Deutschland registrierten Wolken-Boden-Blitze aus.<\/p>\n<p>Zum Vergleich:<\/p>\n<ul>\n<li>Juni: 47.053 Wolken-Boden-Blitze<\/li>\n<li>Juli: 28.682<\/li>\n<li>August: 22.164<\/li>\n<\/ul>\n<p>Der Sommer war insbesondere in der zweiten Junih\u00e4lfte von mehreren markanten Gewitterlagen gepr\u00e4gt.<\/p>\n<h2>Der 14. Juli war der blitzreichste Tag des Sommers<\/h2>\n<p>Der h\u00f6chste Tageswert wurde am <strong>14. Juli 2026<\/strong> registriert:<\/p>\n<p>&#x26a1; <strong>7.518 Wolken-Boden-Blitze<\/strong><\/p>\n<p>Weitere besonders aktive Tage waren:<\/p>\n<ul>\n<li>\n<ol>\n<li>Juni: 7.035 Wolken-Boden-Blitze<\/li>\n<\/ol>\n<\/li>\n<li>\n<ol>\n<li>August: 5.885<\/li>\n<\/ol>\n<\/li>\n<\/ul>\n<h2>Bayern und Baden-W\u00fcrttemberg an der Spitze<\/h2>\n<p>Die meisten Wolken-Boden-Blitze wurden in folgenden Bundesl\u00e4ndern registriert:<\/p>\n<ol>\n<li><strong>Bayern:<\/strong> 27.366<\/li>\n<li><strong>Baden-W\u00fcrttemberg:<\/strong> 14.065<\/li>\n<li><strong>Niedersachsen:<\/strong> 13.028<\/li>\n<li><strong>Nordrhein-Westfalen:<\/strong> 6.818<\/li>\n<li><strong>Sachsen:<\/strong> 5.935<\/li>\n<\/ol>\n<p>Die Ergebnisse verdeutlichen die hohe Gewitteraktivit\u00e4t im S\u00fcden Deutschlands, insbesondere in den Alpenregionen und ihrem Vorland.<\/p>\n<h2>Die blitzreichsten Landkreise<\/h2>\n<p>Die h\u00f6chsten Werte wurden in folgenden Landkreisen registriert:<\/p>\n<ol>\n<li><strong>Cuxhaven (Niedersachsen): 1.360 Wolken-Boden-Blitze<\/strong><\/li>\n<li><strong>Oberallg\u00e4u (Bayern): 1.355<\/strong><\/li>\n<li><strong>Schleswig-Flensburg (Schleswig-Holstein): 1.302<\/strong><\/li>\n<li><strong>Rendsburg-Eckernf\u00f6rde (Schleswig-Holstein): 999<\/strong><\/li>\n<li><strong>Ludwigslust-Parchim (Mecklenburg-Vorpommern): 996<\/strong><\/li>\n<\/ol>\n<p>Unter den Gro\u00dfst\u00e4dten verzeichnete <strong>M\u00fcnchen<\/strong> den h\u00f6chsten Wert mit <strong>439 Wolken-Boden-Blitzen<\/strong> w\u00e4hrend des Sommers 2026.<\/p>\n<h2>Blitzdichte: Ein besonders aussagekr\u00e4ftiger Indikator<\/h2>\n<p>Die derzeit aussagekr\u00e4ftigste Kennzahl zur Beschreibung der Gewitteraktivit\u00e4t ist die <strong>Blitzdichte<\/strong>, also die Anzahl der Wolken-Boden-Blitze pro Quadratkilometer und Jahr.<\/p>\n<p>Sie erm\u00f6glicht einen objektiven Vergleich zwischen unterschiedlich gro\u00dfen Regionen.<\/p>\n<p>In Deutschland lag die Blitzdichte im Sommer 2026 bei:<\/p>\n<p>&#x26a1; <strong>1,09 Wolken-Boden-Blitzen pro km\u00b2 und Jahr<\/strong><\/p>\n<p>&#x26a1; <strong>Nsg = 1,30 Bodenkontaktpunkte pro km\u00b2 und Jahr<\/strong><\/p>\n<p>Die h\u00f6chsten Werte wurden vor allem in S\u00fcddeutschland registriert, insbesondere in Bayern und Baden-W\u00fcrttemberg, wo Gewitter h\u00e4ufig durch die Kombination aus sommerlicher Instabilit\u00e4t und orografischen Effekten beg\u00fcnstigt werden.<\/p>\n","protected":false},"excerpt":{"rendered":"<p>Unmittelbar nach dem Ende des meteorologischen Sommers (1. Juni bis 31. August) ver\u00f6ffentlicht Meteorage, eine Tochtergesellschaft von M\u00e9t\u00e9o-France mit Sitz<\/p>\n","protected":false},"author":3,"featured_media":462286,"comment_status":"closed","ping_status":"closed","sticky":false,"template":"","format":"standard","meta":{"colormag_page_container_layout":"default_layout","colormag_page_sidebar_layout":"default_layout","footnotes":""},"categories":[6,20,8,14],"tags":[28828],"class_list":["post-462285","post","type-post","status-publish","format-standard","has-post-thumbnail","hentry","category-bauen-wohnen","category-besondere-neuigkeiten","category-flora-fauna-wasser","category-tipps-informationen","tag-gewitterbilanz-sommer-2026-knapp-98-000-wolken-boden-blitze-in-deutschland-registriert"],"_links":{"self":[{"href":"https:\/\/hier-luebeck.de\/index.php\/wp-json\/wp\/v2\/posts\/462285","targetHints":{"allow":["GET"]}}],"collection":[{"href":"https:\/\/hier-luebeck.de\/index.php\/wp-json\/wp\/v2\/posts"}],"about":[{"href":"https:\/\/hier-luebeck.de\/index.php\/wp-json\/wp\/v2\/types\/post"}],"author":[{"embeddable":true,"href":"https:\/\/hier-luebeck.de\/index.php\/wp-json\/wp\/v2\/users\/3"}],"replies":[{"embeddable":true,"href":"https:\/\/hier-luebeck.de\/index.php\/wp-json\/wp\/v2\/comments?post=462285"}],"version-history":[{"count":1,"href":"https:\/\/hier-luebeck.de\/index.php\/wp-json\/wp\/v2\/posts\/462285\/revisions"}],"predecessor-version":[{"id":462287,"href":"https:\/\/hier-luebeck.de\/index.php\/wp-json\/wp\/v2\/posts\/462285\/revisions\/462287"}],"wp:featuredmedia":[{"embeddable":true,"href":"https:\/\/hier-luebeck.de\/index.php\/wp-json\/wp\/v2\/media\/462286"}],"wp:attachment":[{"href":"https:\/\/hier-luebeck.de\/index.php\/wp-json\/wp\/v2\/media?parent=462285"}],"wp:term":[{"taxonomy":"category","embeddable":true,"href":"https:\/\/hier-luebeck.de\/index.php\/wp-json\/wp\/v2\/categories?post=462285"},{"taxonomy":"post_tag","embeddable":true,"href":"https:\/\/hier-luebeck.de\/index.php\/wp-json\/wp\/v2\/tags?post=462285"}],"curies":[{"name":"wp","href":"https:\/\/api.w.org\/{rel}","templated":true}]}}