{"id":462288,"date":"2026-09-01T15:11:28","date_gmt":"2026-09-01T13:11:28","guid":{"rendered":"https:\/\/hier-luebeck.de\/index.php\/pol-hl-hl-st-gertrud-folgemeldung-11-menschen-erlitten-atemwegsreizungen-in-luebecker-linienbus-tatverdaechtiger-ermittelt\/"},"modified":"2026-09-01T16:48:05","modified_gmt":"2026-09-01T14:48:05","slug":"pol-hl-hl-st-gertrud-folgemeldung-11-menschen-erlitten-atemwegsreizungen-in-luebecker-linienbus-tatverdaechtiger-ermittelt","status":"publish","type":"post","link":"https:\/\/hier-luebeck.de\/index.php\/pol-hl-hl-st-gertrud-folgemeldung-11-menschen-erlitten-atemwegsreizungen-in-luebecker-linienbus-tatverdaechtiger-ermittelt\/","title":{"rendered":"POL-HL: HL-St. Gertrud \/ Folgemeldung: 11 Menschen erlitten Atemwegsreizungen in L\u00fcbecker Linienbus- Tatverd\u00e4chtiger ermittelt"},"content":{"rendered":"<p>Symbolbild \u00b7 L\u00fcbeck (ots) &#8211; Am Donnerstagabend (27.08.2026) mussten 10 Fahrg\u00e4ste und ein Busfahrer in einem Linienbus in L\u00fcbeck St. Gertrud aufgrund von Atemwegsreizungen medizinisch durch den Rettungsdienst behandelt werden.<\/p>\n<p>Nach bisherigen Erkenntnissen sollten zuvor zwei bis dahin unbekannte M\u00e4nner durch ein ge\u00f6ffnetes Fenster des Busses von au\u00dfen eine reizende Substanz in den Bus gespr\u00fcht haben. Die Polizei hatte die Ermittlungen wegen des Verdachts der gef\u00e4hrlichen K\u00f6rperverletzung in mehreren F\u00e4llen aufgenommen und in diesem Zusammenhang Angaben von Zeugen und Videomaterial gepr\u00fcft. Nach Auswertung der Videoaufzeichnungen konnte jetzt ein Tatverd\u00e4chtiger identifiziert werden.<\/p>\n<p>&nbsp;<\/p>\n<p>Nach Auswertung vorliegender Videoaufzeichnungen konnte ein 14 Jahre alter L\u00fcbecker (Staatsangeh\u00f6rigkeit: Deutsch) als Tatverd\u00e4chtiger ermittelt werden. Er steht im Verdacht, eine reizende Substanz in den Linienbus gespr\u00fcht zu haben. Die n\u00e4heren Hintergr\u00fcnde hierzu werden aktuell im Rahmen der Ermittlungen gepr\u00fcft.<\/p>\n<p>Noch nicht abgeschlossen ist die Suche nach der zweiten Person, die mit dem 14 Jahre alten Tatverd\u00e4chtigen den Bus verlie\u00df. Der Beschreibung und den vorliegenden Aufzeichnungen nach ist der Mann zwischen 20 und 25 Jahre alt und 170cm-180cm gro\u00df. Er tr\u00e4gt einen leichten Oberlippenbart und hat helle Hautfarbe.<\/p>\n<p>Im Gesicht trug er eine dunkle Sonnenbrille, um den Hals eine goldene Kette. Zur Tatzeit war er mit einem dunklen Basecap und einem gr\u00fcnen Blouson mit B\u00fcndchen bekleidet, \u00e4hnlich einer Bomberjacke. Dazu trug er eine helle weite Hose mit aufgesetzten Taschen. Bei der Hose d\u00fcrfte es sich um eine Arbeitshose handeln, die in verschiedenen Handwerksberufen getragen wird.<\/p>\n<p>Hinweise zu der Person nimmt die Polizei in L\u00fcbeck weiter unter der zentralen Rufnummer 0451-1310 entgegen.<\/p>\n","protected":false},"excerpt":{"rendered":"<p>Symbolbild \u00b7 L\u00fcbeck (ots) &#8211; Am Donnerstagabend (27.08.2026) mussten 10 Fahrg\u00e4ste und ein Busfahrer in einem Linienbus in L\u00fcbeck St.<\/p>\n","protected":false},"author":4994,"featured_media":462297,"comment_status":"open","ping_status":"open","sticky":false,"template":"","format":"standard","meta":{"colormag_page_container_layout":"default_layout","colormag_page_sidebar_layout":"default_layout","footnotes":""},"categories":[1527],"tags":[],"class_list":["post-462288","post","type-post","status-publish","format-standard","has-post-thumbnail","hentry","category-blaulicht"],"_links":{"self":[{"href":"https:\/\/hier-luebeck.de\/index.php\/wp-json\/wp\/v2\/posts\/462288","targetHints":{"allow":["GET"]}}],"collection":[{"href":"https:\/\/hier-luebeck.de\/index.php\/wp-json\/wp\/v2\/posts"}],"about":[{"href":"https:\/\/hier-luebeck.de\/index.php\/wp-json\/wp\/v2\/types\/post"}],"author":[{"embeddable":true,"href":"https:\/\/hier-luebeck.de\/index.php\/wp-json\/wp\/v2\/users\/4994"}],"replies":[{"embeddable":true,"href":"https:\/\/hier-luebeck.de\/index.php\/wp-json\/wp\/v2\/comments?post=462288"}],"version-history":[{"count":3,"href":"https:\/\/hier-luebeck.de\/index.php\/wp-json\/wp\/v2\/posts\/462288\/revisions"}],"predecessor-version":[{"id":462299,"href":"https:\/\/hier-luebeck.de\/index.php\/wp-json\/wp\/v2\/posts\/462288\/revisions\/462299"}],"wp:featuredmedia":[{"embeddable":true,"href":"https:\/\/hier-luebeck.de\/index.php\/wp-json\/wp\/v2\/media\/462297"}],"wp:attachment":[{"href":"https:\/\/hier-luebeck.de\/index.php\/wp-json\/wp\/v2\/media?parent=462288"}],"wp:term":[{"taxonomy":"category","embeddable":true,"href":"https:\/\/hier-luebeck.de\/index.php\/wp-json\/wp\/v2\/categories?post=462288"},{"taxonomy":"post_tag","embeddable":true,"href":"https:\/\/hier-luebeck.de\/index.php\/wp-json\/wp\/v2\/tags?post=462288"}],"curies":[{"name":"wp","href":"https:\/\/api.w.org\/{rel}","templated":true}]}}