{"id":462289,"date":"2026-09-01T15:06:13","date_gmt":"2026-09-01T13:06:13","guid":{"rendered":"https:\/\/hier-luebeck.de\/index.php\/pol-se-20260901-2-schenefeld-pi-reetdachhaus-geraet-in-brand-zeugen-gesucht\/"},"modified":"2026-09-01T16:50:05","modified_gmt":"2026-09-01T14:50:05","slug":"pol-se-20260901-2-schenefeld-pi-reetdachhaus-geraet-in-brand-zeugen-gesucht","status":"publish","type":"post","link":"https:\/\/hier-luebeck.de\/index.php\/pol-se-20260901-2-schenefeld-pi-reetdachhaus-geraet-in-brand-zeugen-gesucht\/","title":{"rendered":"POL-SE: 20260901.2: Schenefeld (PI) &#8211; Reetdachhaus ger\u00e4t in Brand &#8211; Zeugen gesucht"},"content":{"rendered":"<p>Schenefeld (PI) (ots) &#8211;\u00a0Am Montagmorgen (31.08.2026) kam es in Schenefeld (Kreis Pinneberg) zu einem Brand in einem historischen Reetdachhaus. Die Schadensh\u00f6he wird derzeit auf etwa 1.500.000,-EUR gesch\u00e4tzt. <!--more-->Der Brandort war zwischenzeitlich zur Brandursachenermittlung beschlagnahmt. Die Polizei sucht jetzt Zeugen der Brandentstehung. Gegen 02:45 Uhr entfachte aus bislang ungekl\u00e4rter Ursache ein Brand am Dach eines reetgedeckten Hauses in der Nedderstra\u00dfe in Schenefeld.<\/p>\n<p>Das Feuer breitete sich schnell zu einem Vollbrand des Geb\u00e4udekomplexes aus. Die zu dem Zeitpunkt anwesenden Bewohner verlie\u00dfen das brennende Geb\u00e4ude rechtzeitig und konnten nach kurzer Vorstellung beim Rettungsdienst wieder entlassen werden.<br \/>\nDie Kriminalinspektion Pinneberg hat die Ermittlungen zur Brandursache aufgenommen.<\/p>\n<p>Der Brandort war im Verlauf des gestrigen Montags beschlagnahmt worden. Auf Weisung der Staatsanwaltschaft Itzehoe zogen die Ermittler einen Brandsachverst\u00e4ndigen zur Brandortbegehung hinzu, die noch gestern abgeschlossen wurde.<\/p>\n<p>Anhand der aktuellen Erkenntnissen muss von einem Fremdverschulden ausgegangen werden. Zur Kl\u00e4rung des Sachverhalts suchen die Ermittler nun Zeugen, die Hinweise zur Brandentstehung geben k\u00f6nnen. Insbesondere eine Personengruppe, die sich zur Anfangsphase in unmittelbarer N\u00e4he des Brandortes aufgehalten haben soll, wird um Kontaktaufnahme zu den ermittelnden Beamten gebeten.<br \/>\nSachdienliche Mitteilungen werden unter der Rufnummer 04101 \/ 2020 entgegengenommen.<\/p>\n","protected":false},"excerpt":{"rendered":"<p>Schenefeld (PI) (ots) &#8211;\u00a0Am Montagmorgen (31.08.2026) kam es in Schenefeld (Kreis Pinneberg) zu einem Brand in einem historischen Reetdachhaus. Die<\/p>\n","protected":false},"author":4994,"featured_media":439745,"comment_status":"open","ping_status":"open","sticky":false,"template":"","format":"standard","meta":{"colormag_page_container_layout":"default_layout","colormag_page_sidebar_layout":"default_layout","footnotes":""},"categories":[1527],"tags":[],"class_list":["post-462289","post","type-post","status-publish","format-standard","has-post-thumbnail","hentry","category-blaulicht"],"_links":{"self":[{"href":"https:\/\/hier-luebeck.de\/index.php\/wp-json\/wp\/v2\/posts\/462289","targetHints":{"allow":["GET"]}}],"collection":[{"href":"https:\/\/hier-luebeck.de\/index.php\/wp-json\/wp\/v2\/posts"}],"about":[{"href":"https:\/\/hier-luebeck.de\/index.php\/wp-json\/wp\/v2\/types\/post"}],"author":[{"embeddable":true,"href":"https:\/\/hier-luebeck.de\/index.php\/wp-json\/wp\/v2\/users\/4994"}],"replies":[{"embeddable":true,"href":"https:\/\/hier-luebeck.de\/index.php\/wp-json\/wp\/v2\/comments?post=462289"}],"version-history":[{"count":2,"href":"https:\/\/hier-luebeck.de\/index.php\/wp-json\/wp\/v2\/posts\/462289\/revisions"}],"predecessor-version":[{"id":462301,"href":"https:\/\/hier-luebeck.de\/index.php\/wp-json\/wp\/v2\/posts\/462289\/revisions\/462301"}],"wp:featuredmedia":[{"embeddable":true,"href":"https:\/\/hier-luebeck.de\/index.php\/wp-json\/wp\/v2\/media\/439745"}],"wp:attachment":[{"href":"https:\/\/hier-luebeck.de\/index.php\/wp-json\/wp\/v2\/media?parent=462289"}],"wp:term":[{"taxonomy":"category","embeddable":true,"href":"https:\/\/hier-luebeck.de\/index.php\/wp-json\/wp\/v2\/categories?post=462289"},{"taxonomy":"post_tag","embeddable":true,"href":"https:\/\/hier-luebeck.de\/index.php\/wp-json\/wp\/v2\/tags?post=462289"}],"curies":[{"name":"wp","href":"https:\/\/api.w.org\/{rel}","templated":true}]}}