{"id":462290,"date":"2026-09-01T15:00:53","date_gmt":"2026-09-01T13:00:53","guid":{"rendered":"https:\/\/hier-luebeck.de\/index.php\/pol-se-20260901-1-elmshorn-geschaedigte-nach-auseinandersetzung-gesucht\/"},"modified":"2026-09-01T15:00:53","modified_gmt":"2026-09-01T13:00:53","slug":"pol-se-20260901-1-elmshorn-geschaedigte-nach-auseinandersetzung-gesucht","status":"publish","type":"post","link":"https:\/\/hier-luebeck.de\/index.php\/pol-se-20260901-1-elmshorn-geschaedigte-nach-auseinandersetzung-gesucht\/","title":{"rendered":"POL-SE: 20260901.1 &#8211; Elmshorn: Gesch\u00e4digte nach Auseinandersetzung gesucht"},"content":{"rendered":"<p>Elmshorn (ots) &#8211; <\/p>\n<p>Bereits am 18. August 2026 (Dienstag) kam es vor einem Marken-Discounter in der Reichenstra\u00dfe in Elmshorn zu einer k\u00f6rperlichen Auseinandersetzung zwischen zwei Frauen. Die Gesch\u00e4digte lief nach dem Angriff davon. Die Polizei sucht nun nach dieser Frau und bittet um Hinweise.<\/p>\n<p><!--more--><\/p>\n<p>Nach bisherigen Erkenntnissen waren zwei 30-j\u00e4hrige Frauen am besagten Dienstag gegen 15:00 Uhr im Begriff, den Supermarkt in der Reichenstra\u00dfe zu betreten, als eine der beiden Frauen eine Stimme rufen geh\u00f6rt habe, dass sie in Ruhe gelassen werden wolle. Als die 30-J\u00e4hrige sich umgeblickt habe, habe sie eine Frau gesehen, die eine andere geschlagen und zu Boden geworfen habe. Die Gesch\u00e4digte habe sich in Richtung Schlurrehm und dann in unbekannte Richtung entfernt.<br \/>\nW\u00e4hrend die eine 30-J\u00e4hrige in den Discounter ging, um Hilfe zu holen, griff die Frau auch die andere 30-J\u00e4hrige an. Zusammen mit einem weiteren Mitarbeiter konnte die Angreiferin bis zum Eintreffen der Polizei festgehalten werden. Bei der Frau handelt es sich um eine 29-j\u00e4hrige Elmshornerin mit polnischer Staatsb\u00fcrgerschaft.<br \/>\nDie Gesch\u00e4digte wurde auf etwa 25 Jahre jung gesch\u00e4tzt und als schlank beschrieben. Sie soll braune Haare und einen wei\u00dfen Jogginganzug mit Kapuze getragen haben. Zudem habe sie helle bis blasse Haut gehabt.<br \/>\nWer Angaben zu der gesch\u00e4digten Frau machen kann, vor allem aber auch die Frau selbst, wird gebeten, sich beim ermittelnden Sachgebiet 1 der Kriminalpolizeistelle Elmshorn zu melden. Hinweise werden unter der Rufnummer 04121-8030 oder per Email an sg1.elmshorn.kpst@polizei.landsh.de entgegen genommen.<br \/>\nR\u00fcckfragen bitte an:<\/p>\n<p>Polizeidirektion Bad Segeberg<br \/>\n&#8211; Pressestelle &#8211;<br \/>\nDorfstr. 16-18<br \/>\n23795 Bad Segeberg<\/p>\n<p>Maik Seidel &#8211; Pressesprecher<br \/>\nTelefon: 04551 ? 884-2020<br \/>\nE-Mail: oea.badsegeberg.pd@polizei.landsh.de<\/p>\n<p>Original-Content von: Polizeidirektion Bad Segeberg, \u00fcbermittelt durch news aktuell<\/p>\n<p>Dieser Beitrag wurde automatisch von Presseportal.de zur Verf\u00fcgung gestellt: https:\/\/www.presseportal.de\/blaulicht\/pm\/19027\/6343822<\/p>\n","protected":false},"excerpt":{"rendered":"<p>Elmshorn (ots) &#8211; Bereits am 18. August 2026 (Dienstag) kam es vor einem Marken-Discounter in der Reichenstra\u00dfe in Elmshorn zu<\/p>\n","protected":false},"author":0,"featured_media":0,"comment_status":"open","ping_status":"open","sticky":false,"template":"","format":"standard","meta":{"colormag_page_container_layout":"default_layout","colormag_page_sidebar_layout":"default_layout","footnotes":""},"categories":[1527],"tags":[],"class_list":["post-462290","post","type-post","status-publish","format-standard","hentry","category-blaulicht"],"_links":{"self":[{"href":"https:\/\/hier-luebeck.de\/index.php\/wp-json\/wp\/v2\/posts\/462290","targetHints":{"allow":["GET"]}}],"collection":[{"href":"https:\/\/hier-luebeck.de\/index.php\/wp-json\/wp\/v2\/posts"}],"about":[{"href":"https:\/\/hier-luebeck.de\/index.php\/wp-json\/wp\/v2\/types\/post"}],"replies":[{"embeddable":true,"href":"https:\/\/hier-luebeck.de\/index.php\/wp-json\/wp\/v2\/comments?post=462290"}],"version-history":[{"count":0,"href":"https:\/\/hier-luebeck.de\/index.php\/wp-json\/wp\/v2\/posts\/462290\/revisions"}],"wp:attachment":[{"href":"https:\/\/hier-luebeck.de\/index.php\/wp-json\/wp\/v2\/media?parent=462290"}],"wp:term":[{"taxonomy":"category","embeddable":true,"href":"https:\/\/hier-luebeck.de\/index.php\/wp-json\/wp\/v2\/categories?post=462290"},{"taxonomy":"post_tag","embeddable":true,"href":"https:\/\/hier-luebeck.de\/index.php\/wp-json\/wp\/v2\/tags?post=462290"}],"curies":[{"name":"wp","href":"https:\/\/api.w.org\/{rel}","templated":true}]}}