{"id":462292,"date":"2026-09-01T10:36:59","date_gmt":"2026-09-01T08:36:59","guid":{"rendered":"https:\/\/hier-luebeck.de\/index.php\/pol-hl-luebeck-st-gertrud-kellerbrand-in-einfamilienhaus\/"},"modified":"2026-09-01T10:36:59","modified_gmt":"2026-09-01T08:36:59","slug":"pol-hl-luebeck-st-gertrud-kellerbrand-in-einfamilienhaus","status":"publish","type":"post","link":"https:\/\/hier-luebeck.de\/index.php\/pol-hl-luebeck-st-gertrud-kellerbrand-in-einfamilienhaus\/","title":{"rendered":"POL-HL: L\u00fcbeck\/St. Gertrud Kellerbrand in Einfamilienhaus"},"content":{"rendered":"<p>L\u00fcbeck (ots) &#8211; <\/p>\n<p>Montagabend (31.08.2026) verursachte ein Kurzschluss im Keller eines Einfamilienhauses einen Brand, der schnell von der Feuerwehr gel\u00f6scht werden konnte. Personen wurden nicht verletzt.<br \/>\nGegen 20.20 Uhr am Montag bemerkten die Bewohner eines Einfamilienhauses in der Brandenbaumer Landstra\u00dfe Rauch im Keller und alarmierten die Feuerwehr.<br \/>\nF\u00fcr die L\u00f6scharbeiten der Feuerwehr sperrte die Polizei die Brandenbaumer Landstra\u00dfe in beide Richtungen.<\/p>\n<p><!--more--><\/p>\n<p>Gegen 21 Uhr war das Feuer gel\u00f6scht.<br \/>\nDas Haus ist weiterhin bewohnbar, lediglich der Keller ist von dem Brand betroffen. Nach ersten Erkenntnissen d\u00fcrfte ein technischer Defekt brandurs\u00e4chlich gewesen sein. Die Schadensh\u00f6he steht aktuell nicht fest.<br \/>\nR\u00fcckfragen bitte an:<\/p>\n<p>Polizeidirektion L\u00fcbeck<br \/>\nPressestelle<br \/>\nSvenja Pries<br \/>\nTelefon: 49 (0) 451\/131-2004<br \/>\nFax: + 49 (0) 431\/988-6-342901<br \/>\nE-Mail: Pressestelle.Luebeck.PD@polizei.landsh.de<\/p>\n<p>Original-Content von: Polizeidirektion L\u00fcbeck, \u00fcbermittelt durch news aktuell<\/p>\n<p>Dieser Beitrag wurde automatisch von Presseportal.de zur Verf\u00fcgung gestellt: https:\/\/www.presseportal.de\/blaulicht\/pm\/43738\/6343421<\/p>\n","protected":false},"excerpt":{"rendered":"<p>L\u00fcbeck (ots) &#8211; Montagabend (31.08.2026) verursachte ein Kurzschluss im Keller eines Einfamilienhauses einen Brand, der schnell von der Feuerwehr gel\u00f6scht<\/p>\n","protected":false},"author":0,"featured_media":0,"comment_status":"open","ping_status":"open","sticky":false,"template":"","format":"standard","meta":{"colormag_page_container_layout":"default_layout","colormag_page_sidebar_layout":"default_layout","footnotes":""},"categories":[1527],"tags":[],"class_list":["post-462292","post","type-post","status-publish","format-standard","hentry","category-blaulicht"],"_links":{"self":[{"href":"https:\/\/hier-luebeck.de\/index.php\/wp-json\/wp\/v2\/posts\/462292","targetHints":{"allow":["GET"]}}],"collection":[{"href":"https:\/\/hier-luebeck.de\/index.php\/wp-json\/wp\/v2\/posts"}],"about":[{"href":"https:\/\/hier-luebeck.de\/index.php\/wp-json\/wp\/v2\/types\/post"}],"replies":[{"embeddable":true,"href":"https:\/\/hier-luebeck.de\/index.php\/wp-json\/wp\/v2\/comments?post=462292"}],"version-history":[{"count":0,"href":"https:\/\/hier-luebeck.de\/index.php\/wp-json\/wp\/v2\/posts\/462292\/revisions"}],"wp:attachment":[{"href":"https:\/\/hier-luebeck.de\/index.php\/wp-json\/wp\/v2\/media?parent=462292"}],"wp:term":[{"taxonomy":"category","embeddable":true,"href":"https:\/\/hier-luebeck.de\/index.php\/wp-json\/wp\/v2\/categories?post=462292"},{"taxonomy":"post_tag","embeddable":true,"href":"https:\/\/hier-luebeck.de\/index.php\/wp-json\/wp\/v2\/tags?post=462292"}],"curies":[{"name":"wp","href":"https:\/\/api.w.org\/{rel}","templated":true}]}}