{"id":462306,"date":"2026-08-31T17:26:49","date_gmt":"2026-08-31T15:26:49","guid":{"rendered":"https:\/\/hier-luebeck.de\/index.php\/fw-hl-brand-eines-gebaeudes-auf-spieringshorst\/"},"modified":"2026-08-31T17:26:49","modified_gmt":"2026-08-31T15:26:49","slug":"fw-hl-brand-eines-gebaeudes-auf-spieringshorst","status":"publish","type":"post","link":"https:\/\/hier-luebeck.de\/index.php\/fw-hl-brand-eines-gebaeudes-auf-spieringshorst\/","title":{"rendered":"FW-HL: Brand eines Geb\u00e4udes auf Spieringshorst"},"content":{"rendered":"<p>L\u00fcbeck (ots) &#8211; <\/p>\n<p>Am Montagmorgen des 31.08.2026 wurde die Feuerwehr L\u00fcbeck um 09:43 Uhr zu einer Rauchentwicklung auf die Insel Spieringshorst alarmiert. Hier war ein mit Reet eingedecktes Nebengeb\u00e4ude vermutlich nach Blitzschlag in Brand geraten. Neben dem F\u00fchrungsdienst wurden die Wachen 1 und 2 mit den Erg\u00e4nzungseinheiten der Freiwilligen Feuerwehr, Logistik und Verpflegungseinheiten von DRK und JUH sowie die Wasserwacht alarmiert. Vor Ort wurden die Einsatzkr\u00e4fte und das Material zur Brandbek\u00e4mpfung mit Mehrzweckbooten auf die Insel gebracht.<\/p>\n<p><!--more--><\/p>\n<p>Aufgrund der Bauweise dauerten die L\u00f6scharbeiten eine l\u00e4ngere Zeit an. Die Freiwillige Feuerwehr stellte in dieser Zeit den Grundschutz in den Wachgebieten 1 und 2. Insgesamt waren ca. 40 Kr\u00e4fte im Einsatz. Verletzt wurde niemand.<br \/>\nR\u00fcckfragen bitte an:<\/p>\n<p>Berufsfeuerwehr L\u00fcbeck<br \/>\nFabian Lemke<br \/>\nBornh\u00f6vedstra\u00dfe 10<br \/>\n23554 L\u00fcbeck<br \/>\nE-Mail: fabian.lemke@luebeck.de<br \/>\nhttp:\/\/www.feuerwehr-luebeck.de<\/p>\n<p>Original-Content von: Feuerwehr L\u00fcbeck, \u00fcbermittelt durch news aktuell<\/p>\n<p>Dieser Beitrag wurde automatisch von Presseportal.de zur Verf\u00fcgung gestellt: https:\/\/www.presseportal.de\/blaulicht\/pm\/52865\/6343131<\/p>\n","protected":false},"excerpt":{"rendered":"<p>L\u00fcbeck (ots) &#8211; Am Montagmorgen des 31.08.2026 wurde die Feuerwehr L\u00fcbeck um 09:43 Uhr zu einer Rauchentwicklung auf die Insel<\/p>\n","protected":false},"author":0,"featured_media":0,"comment_status":"open","ping_status":"open","sticky":false,"template":"","format":"standard","meta":{"colormag_page_container_layout":"default_layout","colormag_page_sidebar_layout":"default_layout","footnotes":""},"categories":[1527],"tags":[],"class_list":["post-462306","post","type-post","status-publish","format-standard","hentry","category-blaulicht"],"_links":{"self":[{"href":"https:\/\/hier-luebeck.de\/index.php\/wp-json\/wp\/v2\/posts\/462306","targetHints":{"allow":["GET"]}}],"collection":[{"href":"https:\/\/hier-luebeck.de\/index.php\/wp-json\/wp\/v2\/posts"}],"about":[{"href":"https:\/\/hier-luebeck.de\/index.php\/wp-json\/wp\/v2\/types\/post"}],"replies":[{"embeddable":true,"href":"https:\/\/hier-luebeck.de\/index.php\/wp-json\/wp\/v2\/comments?post=462306"}],"version-history":[{"count":0,"href":"https:\/\/hier-luebeck.de\/index.php\/wp-json\/wp\/v2\/posts\/462306\/revisions"}],"wp:attachment":[{"href":"https:\/\/hier-luebeck.de\/index.php\/wp-json\/wp\/v2\/media?parent=462306"}],"wp:term":[{"taxonomy":"category","embeddable":true,"href":"https:\/\/hier-luebeck.de\/index.php\/wp-json\/wp\/v2\/categories?post=462306"},{"taxonomy":"post_tag","embeddable":true,"href":"https:\/\/hier-luebeck.de\/index.php\/wp-json\/wp\/v2\/tags?post=462306"}],"curies":[{"name":"wp","href":"https:\/\/api.w.org\/{rel}","templated":true}]}}