{"id":462307,"date":"2026-09-01T18:21:03","date_gmt":"2026-09-01T16:21:03","guid":{"rendered":"https:\/\/hier-luebeck.de\/?p=462307"},"modified":"2026-09-01T18:21:03","modified_gmt":"2026-09-01T16:21:03","slug":"finanznot-in-luebeck-handlungsmoeglichkeiten-fuer-die-politik","status":"publish","type":"post","link":"https:\/\/hier-luebeck.de\/index.php\/finanznot-in-luebeck-handlungsmoeglichkeiten-fuer-die-politik\/","title":{"rendered":"Finanznot in L\u00fcbeck Handlungsm\u00f6glichkeiten f\u00fcr die Politik"},"content":{"rendered":"<p>Die Gr\u00fcne B\u00fcrgerschaftsfraktion l\u00e4dt zu einer \u00f6ffentlichen Fraktionssitzung ein:<\/p>\n<p><strong>Wann?<\/strong> Am <strong>Donnerstag<\/strong>, den <strong>03.09.2026<\/strong> ab 19 Uhr<\/p>\n<p><strong>Wo?<\/strong> Gro\u00dfe B\u00f6rse, Rathaus und Online via Teams (Einwahldaten am Ende der Einladung)<!--more--><\/p>\n<p><strong>Es diskutieren:\u00a0<\/strong><\/p>\n<ul>\n<li><strong>Dr. Silke Schneider<\/strong>, Finanzministerin Schleswig-Holstein<\/li>\n<li><strong>Manfred Uhlig, <\/strong>K\u00e4mmerer Hansestadt L\u00fcbeck<\/li>\n<li><strong>Sascha Th\u00fcmmler, <\/strong>K\u00e4mmerer Landeshauptstadt Kiel<\/li>\n<\/ul>\n<p>Die finanzielle Lage L\u00fcbecks &#8211; und vieler anderer deutscher Kommunen &#8211; ist desastr\u00f6s: Erneutes Rekorddefizit im Haushalt, stark steigende Verschuldung und Ende 2026 wird L\u00fcbeck bilanziell \u00fcberschuldet sein.<\/p>\n<p>Steigende Sozialkosten und zu geringe Steuereinnahmen liegen in der Verantwortung des Bundes, mangelnde Konsolidierungsbem\u00fchungen, \u00fcber 1.100 zus\u00e4tzliche Personalstellen in den letzten Jahren, \u00fcberdimensionierte Prestigeprojekte und ein hoher Investitionsstau liegen in L\u00fcbecker Verantwortung.<\/p>\n<p>Auch f\u00fcr 2027 schl\u00e4gt die Stadt erneut ein Rekorddefizit von 162 Millionen Euro mit nur \u00fcberschaubaren Einsparma\u00dfnahmen vor.<\/p>\n<p>Was sollte die L\u00fcbecker Politik jetzt tun?<\/p>\n<p>Sollen &#8211; wie in den vergangenen Jahren auch &#8211; zus\u00e4tzliche, unangenehme Konsolidierungsma\u00dfnahmen beschlossen werden? Oder sollen wir darauf hoffen, dass ein konjunktureller Aufschwung die Lage verbessert? Wo gibt es im st\u00e4dtischen Haushalt Effizienzpotentiale? Welchen Verzicht und welche H\u00e4rten sollten wir den B\u00fcrger*innen zumuten und welche nicht? Und was k\u00f6nnen wir von anderen St\u00e4dten lernen, zum Beispiel von Kiel? Wie geht man dort mit der Krise um?<\/p>\n<p>Diese und weitere Fragen wollen wir mit unseren Expert*innen am 03.September. diskutieren.<\/p>\n<p>Denn am 24. September 2026 soll die L\u00fcbecker B\u00fcrgerschaft auf dieser Basis den Haushalt 2027 beschlie\u00dfen.<\/p>\n<p>F\u00fcr die Gr\u00fcne Fraktion werden <strong>Mandy Siegenbrink <\/strong>und <strong>Dr. Axel Flasbarth<\/strong> durch die Veranstaltung f\u00fchren.<\/p>\n<p>Alle interessierten B\u00fcrger*innen sind zu dieser Veranstaltung herzlich eingeladen. Fragen und Beitr\u00e4ge sind ausdr\u00fccklich erw\u00fcnscht! Wir m\u00f6chten allen Interessierten die M\u00f6glichkeit geben, sich zu informieren und auszutauschen.<\/p>\n<p>Ihre L\u00fcbecker B\u00fcrgerschaftsfraktion B\u00fcndnis 90 \/ Die Gr\u00fcnen<\/p>\n<p><strong><u>Einwahldaten:<\/u><\/strong><u>\u00a0<\/u><\/p>\n<p><u><a href=\"https:\/\/teams.microsoft.com\/meet\/361948315946427?p=dTJnUb4qPC8mqg7kHA\">https:\/\/teams.microsoft.com\/meet\/361948315946427?p=dTJnUb4qPC8mqg7kHA<\/a><\/u><\/p>\n","protected":false},"excerpt":{"rendered":"<p>Die Gr\u00fcne B\u00fcrgerschaftsfraktion l\u00e4dt zu einer \u00f6ffentlichen Fraktionssitzung ein: Wann? Am Donnerstag, den 03.09.2026 ab 19 Uhr Wo? Gro\u00dfe B\u00f6rse,<\/p>\n","protected":false},"author":4994,"featured_media":435056,"comment_status":"open","ping_status":"closed","sticky":false,"template":"","format":"standard","meta":{"colormag_page_container_layout":"default_layout","colormag_page_sidebar_layout":"default_layout","footnotes":""},"categories":[5,13],"tags":[28830],"class_list":["post-462307","post","type-post","status-publish","format-standard","has-post-thumbnail","hentry","category-politik-wirtschaft","category-veranstaltungen","tag-finanznot-in-luebeck-handlungsmoeglichkeiten-fuer-die-politik"],"_links":{"self":[{"href":"https:\/\/hier-luebeck.de\/index.php\/wp-json\/wp\/v2\/posts\/462307","targetHints":{"allow":["GET"]}}],"collection":[{"href":"https:\/\/hier-luebeck.de\/index.php\/wp-json\/wp\/v2\/posts"}],"about":[{"href":"https:\/\/hier-luebeck.de\/index.php\/wp-json\/wp\/v2\/types\/post"}],"author":[{"embeddable":true,"href":"https:\/\/hier-luebeck.de\/index.php\/wp-json\/wp\/v2\/users\/4994"}],"replies":[{"embeddable":true,"href":"https:\/\/hier-luebeck.de\/index.php\/wp-json\/wp\/v2\/comments?post=462307"}],"version-history":[{"count":1,"href":"https:\/\/hier-luebeck.de\/index.php\/wp-json\/wp\/v2\/posts\/462307\/revisions"}],"predecessor-version":[{"id":462308,"href":"https:\/\/hier-luebeck.de\/index.php\/wp-json\/wp\/v2\/posts\/462307\/revisions\/462308"}],"wp:featuredmedia":[{"embeddable":true,"href":"https:\/\/hier-luebeck.de\/index.php\/wp-json\/wp\/v2\/media\/435056"}],"wp:attachment":[{"href":"https:\/\/hier-luebeck.de\/index.php\/wp-json\/wp\/v2\/media?parent=462307"}],"wp:term":[{"taxonomy":"category","embeddable":true,"href":"https:\/\/hier-luebeck.de\/index.php\/wp-json\/wp\/v2\/categories?post=462307"},{"taxonomy":"post_tag","embeddable":true,"href":"https:\/\/hier-luebeck.de\/index.php\/wp-json\/wp\/v2\/tags?post=462307"}],"curies":[{"name":"wp","href":"https:\/\/api.w.org\/{rel}","templated":true}]}}