{"id":462309,"date":"2026-09-01T18:23:39","date_gmt":"2026-09-01T16:23:39","guid":{"rendered":"https:\/\/hier-luebeck.de\/?p=462309"},"modified":"2026-09-01T18:23:39","modified_gmt":"2026-09-01T16:23:39","slug":"moin-wien-shmf-widmet-festivalsommer-2027-der-welthauptstadt-der-musik","status":"publish","type":"post","link":"https:\/\/hier-luebeck.de\/index.php\/moin-wien-shmf-widmet-festivalsommer-2027-der-welthauptstadt-der-musik\/","title":{"rendered":"Moin Wien!  SHMF widmet Festivalsommer 2027 der Welthauptstadt der Musik"},"content":{"rendered":"<p>Seit 2023 nimmt das SHMF j\u00e4hrlich eine neue Metropole in den Fokus, die f\u00fcr eine einzigartige Musiktradition steht. Diese Festivalschwerpunkte geben Einblicke in die jeweilige Musikhistorie der Stadt und vermitteln den musikalisch-kulturellen Puls der Metropole \u00fcber die Jahrhunderte hinweg.<\/p>\n<p>Nach London und Venedig, nach einem exotischen Ausflug nach Istanbul und ins hyggelige Stockholm steht im Jahr 2027 mit Wien nun eines der weltweiten Kulturzentren im Mittelpunkt \u2013 und zeigt dabei auch \u00fcberraschende, freche und zeitgen\u00f6ssische Seiten.<!--more-->Wie kaum eine andere Metropole hat Wien musikalische Gr\u00f6\u00dfen \u00fcber Jahrhunderte hinweg in seinen Bann gezogen. Die \u00f6sterreichische Hauptstadt hat Komponisten von Mozart \u00fcber Beethoven und Schubert bis hin zu Mahler nicht nur beherbergt, sondern auch inspiriert. Sie war sogar die Wahlheimat des norddeutschen Johannes Brahms.<\/p>\n<p>Das Schleswig-Holstein Musik Festival wirft Schlaglichter auf die pr\u00e4genden Komponistinnen und Komponisten der Stadt und spannt einen Bogen von der Barockmusik bis in die Moderne.<\/p>\n<p>Namhafte Solistinnen und Solisten sowie renommierte Ensembles und Orchester bringen in Sinfonie-, Kammer- und Chorkonzerten die gro\u00dfen Werke der Wiener Musiktradition zum Klingen. Eine besondere Rolle spielt dabei auch der Todestag Beethovens, der sich 2027 zum 200. Mal j\u00e4hrt. Zugleich r\u00fcckt das Festival weniger bekannte Namen in den Fokus, etwa Komponistinnen wie Marianna Martines und Mathilde Kralik, deren Werke bis heute nur selten zu h\u00f6ren sind.<\/p>\n<p>Dass Wien aber weit mehr ist als ein klingendes Museum, zeigen Ausfl\u00fcge in den Austro-Pop und den Wiener Soul. Auch die Schrammelmusik setzt Akzente, jene eigenst\u00e4ndige Wiener Klangwelt zwischen Klassik und volkst\u00fcmlicher Tradition. Hinzu kommt das Wienerlied, das von Schubert bis in die Gegenwart reicht und bis heute Spuren in der Popmusik hinterl\u00e4sst.<\/p>\n<p><em>Erste Einblicke erhalten Sie am 20. November 2026, wenn ausgew\u00e4hlte Projekte des n\u00e4chsten Sommers in den Vorverkauf gehen. Das Schleswig-Holstein Musik Festival 2027 findet vom 3. Juli bis zum 29. August 2027 statt. Das gesamte Programm wird am 25. Februar 2027 ver\u00f6ffentlicht<\/em>.<\/p>\n","protected":false},"excerpt":{"rendered":"<p>Seit 2023 nimmt das SHMF j\u00e4hrlich eine neue Metropole in den Fokus, die f\u00fcr eine einzigartige Musiktradition steht. Diese Festivalschwerpunkte<\/p>\n","protected":false},"author":4994,"featured_media":444290,"comment_status":"open","ping_status":"closed","sticky":false,"template":"","format":"standard","meta":{"colormag_page_container_layout":"default_layout","colormag_page_sidebar_layout":"default_layout","footnotes":""},"categories":[15],"tags":[28831],"class_list":["post-462309","post","type-post","status-publish","format-standard","has-post-thumbnail","hentry","category-kultur","tag-moin-wien-shmf-widmet-festivalsommer-2027-der-welthauptstadt-der-musik"],"_links":{"self":[{"href":"https:\/\/hier-luebeck.de\/index.php\/wp-json\/wp\/v2\/posts\/462309","targetHints":{"allow":["GET"]}}],"collection":[{"href":"https:\/\/hier-luebeck.de\/index.php\/wp-json\/wp\/v2\/posts"}],"about":[{"href":"https:\/\/hier-luebeck.de\/index.php\/wp-json\/wp\/v2\/types\/post"}],"author":[{"embeddable":true,"href":"https:\/\/hier-luebeck.de\/index.php\/wp-json\/wp\/v2\/users\/4994"}],"replies":[{"embeddable":true,"href":"https:\/\/hier-luebeck.de\/index.php\/wp-json\/wp\/v2\/comments?post=462309"}],"version-history":[{"count":1,"href":"https:\/\/hier-luebeck.de\/index.php\/wp-json\/wp\/v2\/posts\/462309\/revisions"}],"predecessor-version":[{"id":462310,"href":"https:\/\/hier-luebeck.de\/index.php\/wp-json\/wp\/v2\/posts\/462309\/revisions\/462310"}],"wp:featuredmedia":[{"embeddable":true,"href":"https:\/\/hier-luebeck.de\/index.php\/wp-json\/wp\/v2\/media\/444290"}],"wp:attachment":[{"href":"https:\/\/hier-luebeck.de\/index.php\/wp-json\/wp\/v2\/media?parent=462309"}],"wp:term":[{"taxonomy":"category","embeddable":true,"href":"https:\/\/hier-luebeck.de\/index.php\/wp-json\/wp\/v2\/categories?post=462309"},{"taxonomy":"post_tag","embeddable":true,"href":"https:\/\/hier-luebeck.de\/index.php\/wp-json\/wp\/v2\/tags?post=462309"}],"curies":[{"name":"wp","href":"https:\/\/api.w.org\/{rel}","templated":true}]}}