{"id":462311,"date":"2026-09-01T18:29:20","date_gmt":"2026-09-01T16:29:20","guid":{"rendered":"https:\/\/hier-luebeck.de\/?p=462311"},"modified":"2026-09-01T18:29:20","modified_gmt":"2026-09-01T16:29:20","slug":"premiere-fuer-neue-perspektiven-die-beruf-bildung-kommt-erstmals-nach-luebeck","status":"publish","type":"post","link":"https:\/\/hier-luebeck.de\/index.php\/premiere-fuer-neue-perspektiven-die-beruf-bildung-kommt-erstmals-nach-luebeck\/","title":{"rendered":"Premiere f\u00fcr neue Perspektiven: Die beruf &#038; bildung kommt erstmals nach L\u00fcbeck"},"content":{"rendered":"<p>Zahlreiche Arbeitgeber und Bildungseinrichtungen pr\u00e4sentieren Chancen f\u00fcr Ausbildung, Studium und Karriere in der Hansestadt.<\/p>\n<p>Ein neues Kapitel f\u00fcr die Berufsorientierung in der Region: Am <strong>12. und 13. September 2026<\/strong> feiert die <strong>beruf &amp; bildung l\u00fcbeck<\/strong> ihre Premiere in der <strong>Kulturwerft Gollan<\/strong>. Damit kommt ein etabliertes Messeformat erstmals in den hohen Norden der Bundesrepublik und bringt zahlreiche Unternehmen, Institutionen und Bildungseinrichtungen direkt mit den Fachkr\u00e4ften von morgen zusammen. Der Eintritt ist frei.<br \/>\n<img loading=\"lazy\" decoding=\"async\" class=\"alignnone size-medium wp-image-462313\" src=\"https:\/\/hier-luebeck.de\/wp-content\/uploads\/2026\/09\/beruf-und-bildung-luebeck_06-320x213.jpg\" alt=\"\" width=\"320\" height=\"213\" srcset=\"https:\/\/hier-luebeck.de\/wp-content\/uploads\/2026\/09\/beruf-und-bildung-luebeck_06-320x213.jpg 320w, https:\/\/hier-luebeck.de\/wp-content\/uploads\/2026\/09\/beruf-und-bildung-luebeck_06-550x367.jpg 550w, https:\/\/hier-luebeck.de\/wp-content\/uploads\/2026\/09\/beruf-und-bildung-luebeck_06.jpg 600w\" sizes=\"auto, (max-width: 320px) 100vw, 320px\" \/><!--more--><\/p>\n<p>Die Messe richtet sich an <strong>Sch\u00fclerinnen und Sch\u00fcler, Studierende, (Young) Professionals sowie alle, die auf der Suche nach neuen beruflichen Perspektiven sind<\/strong>. Ob erste Orientierung, konkrete Ausbildungs- oder Studienwahl oder der n\u00e4chste Karriereschritt: Besucherinnen und Besucher erhalten hier einen umfassenden \u00dcberblick \u00fcber ihre M\u00f6glichkeiten \u2013 und k\u00f6nnen diese direkt im pers\u00f6nlichen Gespr\u00e4ch vertiefen.<br \/>\n<img loading=\"lazy\" decoding=\"async\" class=\"alignnone size-medium wp-image-462314\" src=\"https:\/\/hier-luebeck.de\/wp-content\/uploads\/2026\/09\/beruf-und-bildung-luebeck_05-320x213.jpg\" alt=\"\" width=\"320\" height=\"213\" srcset=\"https:\/\/hier-luebeck.de\/wp-content\/uploads\/2026\/09\/beruf-und-bildung-luebeck_05-320x213.jpg 320w, https:\/\/hier-luebeck.de\/wp-content\/uploads\/2026\/09\/beruf-und-bildung-luebeck_05-550x367.jpg 550w, https:\/\/hier-luebeck.de\/wp-content\/uploads\/2026\/09\/beruf-und-bildung-luebeck_05.jpg 600w\" sizes=\"auto, (max-width: 320px) 100vw, 320px\" \/><br \/>\nMit dabei sind unter anderem die Alloheim Seinoren-Residenz, die Bundespolizei, das Finanzamt aus Kiel, die Hansestadt L\u00fcbeck, Lieken Brot- &amp; Backwaren, LungenClinic Grosshansdorf, Pandox, SemiQuarz, TT-Line sowie die Wirtschaftsakademie Schleswig-Holstein. Die Aussteller decken ein breites Branchenspektrum ab \u2013 von Industrie und Handel \u00fcber Verwaltung und Dienstleistung bis hin zu Studium und Weiterbildung.<\/p>\n<p>Im Mittelpunkt steht der direkte Austausch: Statt anonymer Online-Bewerbungen erm\u00f6glicht die Messe echte Begegnungen. Fragen lassen sich unmittelbar kl\u00e4ren, Eindr\u00fccke entstehen im pers\u00f6nlichen Gespr\u00e4ch \u2013 und nicht selten ergeben sich daraus bereits konkrete Perspektiven f\u00fcr Ausbildung, Studium oder Beruf.<\/p>\n<p>Projektleiter <strong>Martin Kylv\u00e5g <\/strong>freut sich besonders \u00fcber den neuen Standort:<br \/>\n\u201eMit der beruf &amp; bildung bringen wir ein erfolgreich etabliertes Messeformat erstmals nach L\u00fcbeck. Hier entsteht eine Plattform, auf der junge Talente und Unternehmen direkt zueinanderfinden. Genau solche Begegnungen machen oft den entscheidenden Unterschied f\u00fcr den weiteren Berufsweg.\u201c<\/p>\n<p>Neben den Messest\u00e4nden \u00fcberzeugt die Veranstaltung durch ein starkes Rahmenprogramm. In <strong>Vortr\u00e4gen und Workshops<\/strong> geht es um zentrale Fragen der Berufsorientierung: Welcher Beruf passt zu mir? Wie sieht eine moderne Bewerbung aus? Und wie gelingt ein \u00fcberzeugender erster Eindruck?<\/p>\n<p>Ein besonderes Highlight f\u00fcr alle Besucherinnen und Besucher: Der <strong>kostenlose professionelle Bewerbungsfotoservice powered by scoolio und dem Sch\u00fclernetzwerk Deutschland<\/strong>. Dieser erm\u00f6glicht es, direkt vor Ort perfekte Bewerbungsbilder erstellen zu lassen \u2013 unkompliziert und ohne Termin.<\/p>\n<p><strong>Alle Infos auf einen Blick:<\/strong><br \/>\nDie <strong>beruf &amp; bildung l\u00fcbeck<\/strong> findet am <strong>Samstag, 12. September 2026 (10\u201315 Uhr)<\/strong> und <strong>Sonntag, 13. September 2026 (11\u201316 Uhr)<\/strong> in der <strong>Kulturwerft Gollan, Einsiedelstra\u00dfe 6<\/strong>, statt. Der Eintritt ist frei. Weitere Informationen unter <strong>berufundbildung.de\/luebeck<\/strong>.<\/p>\n","protected":false},"excerpt":{"rendered":"<p>Zahlreiche Arbeitgeber und Bildungseinrichtungen pr\u00e4sentieren Chancen f\u00fcr Ausbildung, Studium und Karriere in der Hansestadt. Ein neues Kapitel f\u00fcr die Berufsorientierung<\/p>\n","protected":false},"author":4994,"featured_media":462312,"comment_status":"open","ping_status":"closed","sticky":false,"template":"","format":"standard","meta":{"colormag_page_container_layout":"default_layout","colormag_page_sidebar_layout":"default_layout","footnotes":""},"categories":[14,13],"tags":[28832],"class_list":["post-462311","post","type-post","status-publish","format-standard","has-post-thumbnail","hentry","category-tipps-informationen","category-veranstaltungen","tag-premiere-fuer-neue-perspektiven-die-beruf-bildung-kommt-erstmals-nach-luebeck"],"_links":{"self":[{"href":"https:\/\/hier-luebeck.de\/index.php\/wp-json\/wp\/v2\/posts\/462311","targetHints":{"allow":["GET"]}}],"collection":[{"href":"https:\/\/hier-luebeck.de\/index.php\/wp-json\/wp\/v2\/posts"}],"about":[{"href":"https:\/\/hier-luebeck.de\/index.php\/wp-json\/wp\/v2\/types\/post"}],"author":[{"embeddable":true,"href":"https:\/\/hier-luebeck.de\/index.php\/wp-json\/wp\/v2\/users\/4994"}],"replies":[{"embeddable":true,"href":"https:\/\/hier-luebeck.de\/index.php\/wp-json\/wp\/v2\/comments?post=462311"}],"version-history":[{"count":1,"href":"https:\/\/hier-luebeck.de\/index.php\/wp-json\/wp\/v2\/posts\/462311\/revisions"}],"predecessor-version":[{"id":462315,"href":"https:\/\/hier-luebeck.de\/index.php\/wp-json\/wp\/v2\/posts\/462311\/revisions\/462315"}],"wp:featuredmedia":[{"embeddable":true,"href":"https:\/\/hier-luebeck.de\/index.php\/wp-json\/wp\/v2\/media\/462312"}],"wp:attachment":[{"href":"https:\/\/hier-luebeck.de\/index.php\/wp-json\/wp\/v2\/media?parent=462311"}],"wp:term":[{"taxonomy":"category","embeddable":true,"href":"https:\/\/hier-luebeck.de\/index.php\/wp-json\/wp\/v2\/categories?post=462311"},{"taxonomy":"post_tag","embeddable":true,"href":"https:\/\/hier-luebeck.de\/index.php\/wp-json\/wp\/v2\/tags?post=462311"}],"curies":[{"name":"wp","href":"https:\/\/api.w.org\/{rel}","templated":true}]}}