{"id":462317,"date":"2026-09-01T18:50:35","date_gmt":"2026-09-01T16:50:35","guid":{"rendered":"https:\/\/hier-luebeck.de\/?p=462317"},"modified":"2026-09-01T18:50:35","modified_gmt":"2026-09-01T16:50:35","slug":"vnw-direktor-fuer-ganz-deutschland-eine-wohnkrise-auszurufen-entspricht-nicht-der-wirklichkeit","status":"publish","type":"post","link":"https:\/\/hier-luebeck.de\/index.php\/vnw-direktor-fuer-ganz-deutschland-eine-wohnkrise-auszurufen-entspricht-nicht-der-wirklichkeit\/","title":{"rendered":"VNW-Direktor: &#8222;F\u00fcr ganz Deutschland eine \u201eWohnkrise\u201c auszurufen, entspricht nicht der Wirklichkeit&#8220;"},"content":{"rendered":"<p><em>Bild: Gemini KI generiert_(c) TBF \u00b7 Der Deutsche Mieterbund (DMB) beruft sich auf seinen \u201eMietenreport 2026\u201c und eine von ihm beauftragte Umfrage des Meinungsforschungsinstituts Forsa, nach der sich 29 Prozent der Mieterinnen und Mieter Sorgen machen, ihre Miete k\u00fcnftig nicht mehr bezahlen zu k\u00f6nnen. 58 Prozent der Beauftragten berichteten, ihre Wohnkosten (die neben der Miete auch die Nebenkosten beinhalten) seien in den letzten zw\u00f6lf Monaten gestiegen.<br \/>\n<\/em><!--more--><\/p>\n<p><span style=\"font-size: 10.5pt; font-family: 'Arial',sans-serif;\">Dazu erkl\u00e4rt <strong><span style=\"font-family: 'Arial',sans-serif;\">Andreas Breitner, Direktor des Verbands norddeutscher Wohnungsunternehmen (VNW)<\/span><\/strong>:<\/span><\/p>\n<p><span style=\"font-size: 10.5pt; font-family: 'Arial',sans-serif;\">\u201eWer dringend eine neue Wohnung sucht, braucht in manchen Gegenden einen langen Atem. Ich kann verstehen, dass das Sorge bereiten kann. In Deutschland fehlen viele Wohnungen \u2013 aber nicht \u00fcberall. Im Norden gibt es enge Wohnungsm\u00e4rkte wie in Hamburg oder auf Sylt, es gibt aber auch weiterhin Regionen, in denen die Wohnung den Mieter oder die Mieterin sucht und nicht umgekehrt. So zum Beispiel in Vorpommern, Dithmarschen oder in Teilen Mittelholsteins. Selbst f\u00fcr die Hansestadt Rostock wird f\u00fcr die n\u00e4chsten Jahre ein Bev\u00f6lkerungsr\u00fcckgang prognostiziert.<\/span><\/p>\n<p><strong><span style=\"font-size: 10.5pt; font-family: 'Arial',sans-serif;\">F\u00fcr ganz Deutschland jetzt eine \u201eWohnkrise\u201c auszurufen, entspricht nicht der Wirklichkeit.<\/span><\/strong><span style=\"font-size: 10.5pt; font-family: 'Arial',sans-serif;\"> Zudem sind diejenigen, die eine Wohnung haben \u2013 beispielsweise bei unseren Vermietern mit Werten \u2013 zufrieden, das zeigen Umfragen. Ausgerechnet im engen Wohnungsmarkt in Hamburg sind laut Studie des Senats 85 Prozent der Haushalte mit ihrer Wohnsituation eher oder sehr zufrieden.<\/span><\/p>\n<p><strong><span style=\"font-size: 10.5pt; font-family: 'Arial',sans-serif;\">Wir brauchen in den Ballungsr\u00e4umen mehr Wohnraum und weniger Emp\u00f6rung und Hysterie.<\/span><\/strong><span style=\"font-size: 10.5pt; font-family: 'Arial',sans-serif;\"> Wer bezahlbare Wohnungen will, muss verl\u00e4ssliche Rahmenbedingungen schaffen, die den Neubau f\u00f6rdern und beschleunigen.<\/span><\/p>\n<p><span style=\"font-size: 10.5pt; font-family: 'Arial',sans-serif;\">Ein gro\u00dfes Problem sind die steigenden Nebenkosten. Heizung, Warmwasser, M\u00fcll, Abwasser, Versicherungen und Grundsteuer \u2013 die sogenannte zweite Miete steigt seit Jahren. In manchen Regionen ist diese sogar h\u00f6her als die Nettokaltmiete. Doch in der politischen Diskussion werden Wohnungsmiete und Nebenkosten leider oft in einen Topf geworfen.<\/span><\/p>\n<p><span style=\"font-size: 10.5pt; font-family: 'Arial',sans-serif;\">Es ist an der Zeit, ein \u201aNebenkostenbremse\u2018 einzuf\u00fchren. Wer eine Mietpreisbremse fordert oder wie in Hamburg, Rostock oder Greifswald gesetzlich durchgesetzt, der darf bei den Nebenkosten nicht wegschauen.\u201c<\/span><\/p>\n<p><em><span style=\"font-size: 10.5pt; font-family: 'Arial',sans-serif;\">Der Verband norddeutscher Wohnungsunternehmen (VNW) vertritt in Hamburg, Mecklenburg-Vorpommern und Schleswig-Holstein mehr als 500 Wohnungsgenossenschaften und Wohnungsgesellschaften. In den von ihnen verwalteten 760.000 Wohnungen leben rund zwei Millionen Menschen. Die durchschnittliche Nettokaltmiete pro Quadratmeter liegt bei den VNW-Unternehmen bei 7,69 Euro. <b>Der VNW ist der Verband der Vermieter mit Werten.<\/b><\/span><\/em><\/p>\n<p>&nbsp;<\/p>\n","protected":false},"excerpt":{"rendered":"<p>Bild: Gemini KI generiert_(c) TBF \u00b7 Der Deutsche Mieterbund (DMB) beruft sich auf seinen \u201eMietenreport 2026\u201c und eine von ihm<\/p>\n","protected":false},"author":4994,"featured_media":462318,"comment_status":"open","ping_status":"closed","sticky":false,"template":"","format":"standard","meta":{"colormag_page_container_layout":"default_layout","colormag_page_sidebar_layout":"default_layout","footnotes":""},"categories":[6],"tags":[28834,28833],"class_list":["post-462317","post","type-post","status-publish","format-standard","has-post-thumbnail","hentry","category-bauen-wohnen","tag-entspricht-nicht-der-wirklichkeit","tag-vnw-direktor-fuer-ganz-deutschland-eine-wohnkrise-auszurufen"],"_links":{"self":[{"href":"https:\/\/hier-luebeck.de\/index.php\/wp-json\/wp\/v2\/posts\/462317","targetHints":{"allow":["GET"]}}],"collection":[{"href":"https:\/\/hier-luebeck.de\/index.php\/wp-json\/wp\/v2\/posts"}],"about":[{"href":"https:\/\/hier-luebeck.de\/index.php\/wp-json\/wp\/v2\/types\/post"}],"author":[{"embeddable":true,"href":"https:\/\/hier-luebeck.de\/index.php\/wp-json\/wp\/v2\/users\/4994"}],"replies":[{"embeddable":true,"href":"https:\/\/hier-luebeck.de\/index.php\/wp-json\/wp\/v2\/comments?post=462317"}],"version-history":[{"count":1,"href":"https:\/\/hier-luebeck.de\/index.php\/wp-json\/wp\/v2\/posts\/462317\/revisions"}],"predecessor-version":[{"id":462319,"href":"https:\/\/hier-luebeck.de\/index.php\/wp-json\/wp\/v2\/posts\/462317\/revisions\/462319"}],"wp:featuredmedia":[{"embeddable":true,"href":"https:\/\/hier-luebeck.de\/index.php\/wp-json\/wp\/v2\/media\/462318"}],"wp:attachment":[{"href":"https:\/\/hier-luebeck.de\/index.php\/wp-json\/wp\/v2\/media?parent=462317"}],"wp:term":[{"taxonomy":"category","embeddable":true,"href":"https:\/\/hier-luebeck.de\/index.php\/wp-json\/wp\/v2\/categories?post=462317"},{"taxonomy":"post_tag","embeddable":true,"href":"https:\/\/hier-luebeck.de\/index.php\/wp-json\/wp\/v2\/tags?post=462317"}],"curies":[{"name":"wp","href":"https:\/\/api.w.org\/{rel}","templated":true}]}}