{"id":462320,"date":"2026-09-01T19:08:29","date_gmt":"2026-09-01T17:08:29","guid":{"rendered":"https:\/\/hier-luebeck.de\/?p=462320"},"modified":"2026-09-01T19:09:58","modified_gmt":"2026-09-01T17:09:58","slug":"aktiv-gegen-die-verkrautung-der-wakenitz-spd-fraktion-fuer-erhalt-der-flusslandschaft-wakenitz","status":"publish","type":"post","link":"https:\/\/hier-luebeck.de\/index.php\/aktiv-gegen-die-verkrautung-der-wakenitz-spd-fraktion-fuer-erhalt-der-flusslandschaft-wakenitz\/","title":{"rendered":"Aktiv gegen die Verkrautung der Wakenitz: SPD-Fraktion f\u00fcr Erhalt der Flusslandschaft Wakenitz"},"content":{"rendered":"<p>Bild: Gemini KI generiert_(c) TBF \u00b7 Zahlreiche Sportvereine und Freizeitsportler*innen nutzen die Wakenitz aktiv. Das muss auch weiterhin m\u00f6glich sein\u201c, so Dr. Marek Lengen, umweltpolitischer Sprecher der SPD-Fraktion, zur zunehmenden Verkrautung der Wakenitz.<\/p>\n<p>Konkret hat die SPD-Fraktion einen Antrag in die B\u00fcrgerschaft eingebracht. Darin wird der B\u00fcrgermeister gebeten, daf\u00fcr Sorge zu tragen, dass der gesamte Fluss Wakenitz sowie der Kr\u00e4henteich so krautfrei gehalten werden, dass eine gefahrlose Nutzung f\u00fcr Schwimmer*innen sowie Freizeit- und Sportboote weiterhin gew\u00e4hrleistet bleibt.<!--more--><\/p>\n<p>Die Wakenitz muss aus Sicht der SPD-Fraktion als wichtiger Bestandteil eines Naherholungsgebietes f\u00fcr L\u00fcbecker*innen nutzbar bleiben \u2013 zum Baden, f\u00fcr den Wassersport im Boot oder auf dem SUP sowie f\u00fcr die Fahrgastschifffahrt. Die Badem\u00f6glichkeiten sind unverzichtbar.<\/p>\n<p>Gepr\u00fcft werden soll unter anderem das Erlauben von Selbsthilfe, etwa durch h\u00e4ndisches Entfernen von Pflanzen mit Wurzeln, das Ausbaggern der Wakenitz beginnend im Bereich \u201eLanger Jammer\u201c, Schilfprojekte, die Renaturierung des Niendorfer Landgrabens, eine \u00c4nderung des Gew\u00e4sserpflegeplans sowie die Wiederzulassung von Bootsmotoren im E-Betrieb. \u201eDie Situation erfordert auch unkonventionelle Schritte\u201c, so B\u00fcrgerschaftsmitglied Frank Zahn. \u201eGemeinsam und im Dialog kann hier viel erreicht werden.\u201c<\/p>\n<p><strong>Die Wakenitz leidet, die Stadt muss handeln<\/strong><\/p>\n<p>Die Verkrautung wird bekannterma\u00dfen auch durch Nitrate und Phosphor hervorgerufen. Deren Eintrag muss reduziert werden. Dazu sollen auch Gespr\u00e4che mit den Eigent\u00fcmern angrenzender landwirtschaftlicher Fl\u00e4chen gef\u00fchrt und entsprechende Vereinbarungen getroffen werden. k\u00f6nnen<\/p>\n<p>Es gibt sichtbare und sp\u00fcrbare Verschlechterungen. Die Wakenitz verlandet und w\u00e4chst zunehmend zu. Die Fahrrinne, insbesondere im Bereich \u201eLanger Jammer\u201c, ist nur eingeschr\u00e4nkt nutzbar. Die Wassertiefe im Fluss hat sich von 2,02 m auf 1,72 m verringert. Die Schilfg\u00fcrtel verschwinden zunehmend.<\/p>\n<p>Es droht zudem, dass die Wakenitz ihre Bedeutung als Trinkwasserreserve f\u00fcr Notzeiten verliert.<\/p>\n<p>\u201eDie Wakenitz ist ein Fluss mit einer vielf\u00e4ltigen Nutzung, die den Anwohnenden und allen L\u00fcbecker*innen zugutekommt. Ohne aktives Handeln der Stadt droht dieser bedeutende Fluss zu verkrauten. Deshalb unterst\u00fctzen wir ausdr\u00fccklich alle Ma\u00dfnahmen, die helfen, eine drohende Verschlammung bis hin zur Moorbildung zu verhindern\u201c, so Dr. Marek Lengen.<\/p>\n","protected":false},"excerpt":{"rendered":"<p>Bild: Gemini KI generiert_(c) TBF \u00b7 Zahlreiche Sportvereine und Freizeitsportler*innen nutzen die Wakenitz aktiv. Das muss auch weiterhin m\u00f6glich sein\u201c,<\/p>\n","protected":false},"author":4994,"featured_media":462323,"comment_status":"open","ping_status":"closed","sticky":false,"template":"","format":"standard","meta":{"colormag_page_container_layout":"default_layout","colormag_page_sidebar_layout":"default_layout","footnotes":""},"categories":[5,8],"tags":[28835],"class_list":["post-462320","post","type-post","status-publish","format-standard","has-post-thumbnail","hentry","category-politik-wirtschaft","category-flora-fauna-wasser","tag-aktiv-gegen-die-verkrautung-der-wakenitz-spd-fraktion-fuer-erhalt-der-flusslandschaft-wakenitz"],"_links":{"self":[{"href":"https:\/\/hier-luebeck.de\/index.php\/wp-json\/wp\/v2\/posts\/462320","targetHints":{"allow":["GET"]}}],"collection":[{"href":"https:\/\/hier-luebeck.de\/index.php\/wp-json\/wp\/v2\/posts"}],"about":[{"href":"https:\/\/hier-luebeck.de\/index.php\/wp-json\/wp\/v2\/types\/post"}],"author":[{"embeddable":true,"href":"https:\/\/hier-luebeck.de\/index.php\/wp-json\/wp\/v2\/users\/4994"}],"replies":[{"embeddable":true,"href":"https:\/\/hier-luebeck.de\/index.php\/wp-json\/wp\/v2\/comments?post=462320"}],"version-history":[{"count":3,"href":"https:\/\/hier-luebeck.de\/index.php\/wp-json\/wp\/v2\/posts\/462320\/revisions"}],"predecessor-version":[{"id":462324,"href":"https:\/\/hier-luebeck.de\/index.php\/wp-json\/wp\/v2\/posts\/462320\/revisions\/462324"}],"wp:featuredmedia":[{"embeddable":true,"href":"https:\/\/hier-luebeck.de\/index.php\/wp-json\/wp\/v2\/media\/462323"}],"wp:attachment":[{"href":"https:\/\/hier-luebeck.de\/index.php\/wp-json\/wp\/v2\/media?parent=462320"}],"wp:term":[{"taxonomy":"category","embeddable":true,"href":"https:\/\/hier-luebeck.de\/index.php\/wp-json\/wp\/v2\/categories?post=462320"},{"taxonomy":"post_tag","embeddable":true,"href":"https:\/\/hier-luebeck.de\/index.php\/wp-json\/wp\/v2\/tags?post=462320"}],"curies":[{"name":"wp","href":"https:\/\/api.w.org\/{rel}","templated":true}]}}