{"id":462325,"date":"2026-09-01T19:16:07","date_gmt":"2026-09-01T17:16:07","guid":{"rendered":"https:\/\/hier-luebeck.de\/?p=462325"},"modified":"2026-09-01T19:16:15","modified_gmt":"2026-09-01T17:16:15","slug":"konrad-adenauer-strasse-muss-kurzfristig-gesperrt-werden","status":"publish","type":"post","link":"https:\/\/hier-luebeck.de\/index.php\/konrad-adenauer-strasse-muss-kurzfristig-gesperrt-werden\/","title":{"rendered":"Konrad-Adenauer-Stra\u00dfe muss kurzfristig gesperrt werden"},"content":{"rendered":"<p>Foto: HL \u00b7 Teilbereich wird wegen Statikproblemen an Kasematten f\u00fcr Fahrzeugverkehr geschlossen \u2013 Parkhausausfahrt und Gehweg bleiben erreichbar.<\/p>\n<p>Die Konrad-Adenauer-Stra\u00dfe muss kurzfristig, ab 2. September 2026, in einem Teilabschnitt f\u00fcr den Fahrzeugverkehr gesperrt werden. Grund daf\u00fcr sind Sch\u00e4den an unterhalb der Fahrbahn liegenden Bauwerken, die von der Deutschen Bahn genutzt werden. Die direkte Durchfahrt hinter den Lindenarkaden in Richtung Hauptbahnhof ist damit vor\u00fcbergehend nicht mehr m\u00f6glich.<!--more--><\/p>\n<p>Der Hauptbahnhof bleibt weiterhin erreichbar. Die Zufahrt ist von der Fackenburger Allee \u00fcber die Werner-Kock-Stra\u00dfe zur Stra\u00dfe Am Bahnhof m\u00f6glich.<\/p>\n<p>Unterhalb der Konrad-Adenauer-Stra\u00dfe befinden sich sogenannte Kasematten \u2013 Bauwerke, die fr\u00fcher unter anderem von der Bahnpost genutzt wurden. Untersuchungen des Bauwerkszustands haben ergeben, dass Sch\u00e4den an den Betonkonstruktionen und weiteren tragenden Bauteilen soweit fortgeschritten sind, dass die statischen Mindestanforderungen f\u00fcr eine weitere Befahrung des dar\u00fcberliegenden Stra\u00dfenabschnitts nicht mehr erf\u00fcllt werden.<\/p>\n<p>Um die Verkehrssicherheit zu gew\u00e4hrleisten, ist daher eine kurzfristige Sperrung f\u00fcr den Fahrzeugverkehr erforderlich.<\/p>\n<p><strong>Parkhaus bleibt erreichbar<\/strong><\/p>\n<p>Die Konrad-Adenauer-Stra\u00dfe wird hinter der Ausfahrt des Parkhauses gesperrt. Die Ausfahrt aus dem Parkhaus bleibt damit weiterhin m\u00f6glich und erfolgt in Richtung Fackenburger Allee. Der Stra\u00dfenabschnitt wird an dieser Stelle zur Sackgasse. Die Sperrung reicht bis zum Abschluss der bahnhofseitigen Geb\u00e4udefassade der Lindenarkaden.<\/p>\n<p>Der Fu\u00dfverkehr kann den Bereich weiterhin passieren. Im Bereich der Stra\u00dfensperrung wird die Wegef\u00fchrung aus Sicherheitsgr\u00fcnden auf die gegen\u00fcberliegende Stra\u00dfenseite verlegt. Dort steht entlang des Geb\u00e4udes ein rund 1,50 Meter breiter Bereich f\u00fcr Fu\u00dfg\u00e4nger:innen zur Verf\u00fcgung.<\/p>\n<p><strong>Sicherungsma\u00dfnahmen werden vorbereitet<\/strong><\/p>\n<p>Die Hansestadt L\u00fcbeck bereitet derzeit Ma\u00dfnahmen zur Sicherung des betroffenen Stra\u00dfenabschnitts vor. Die Umsetzung ist nach aktuellem Planungsstand f\u00fcr 2027 vorgesehen. Hierzu steht die Hansestadt L\u00fcbeck mit der Deutschen Bahn im Austausch. Ziel ist es, m\u00f6glichst schnell eine tragf\u00e4hige L\u00f6sung f\u00fcr den betroffenen Bereich zu entwickeln und die Einschr\u00e4nkungen auf einen kurzen, notwendigen Zeitraum zu begrenzen.<\/p>\n<p>Der Hansestadt L\u00fcbeck ist bewusst, dass die kurzfristige Sperrung eine Einschr\u00e4nkung f\u00fcr Verkehrsteilnehmende und Anliegende bedeutet. Aufgrund des festgestellten Bauwerkszustands hat die Sicherheit der Verkehrsteilnehmenden jedoch oberste Priorit\u00e4t. Die Hansestadt L\u00fcbeck wird \u00fcber die weitere Entwicklung und die geplanten Sicherungsma\u00dfnahmen fortlaufend informieren.<\/p>\n","protected":false},"excerpt":{"rendered":"<p>Foto: HL \u00b7 Teilbereich wird wegen Statikproblemen an Kasematten f\u00fcr Fahrzeugverkehr geschlossen \u2013 Parkhausausfahrt und Gehweg bleiben erreichbar. Die Konrad-Adenauer-Stra\u00dfe<\/p>\n","protected":false},"author":4994,"featured_media":445092,"comment_status":"open","ping_status":"closed","sticky":false,"template":"","format":"standard","meta":{"colormag_page_container_layout":"default_layout","colormag_page_sidebar_layout":"default_layout","footnotes":""},"categories":[6,14],"tags":[28836],"class_list":["post-462325","post","type-post","status-publish","format-standard","has-post-thumbnail","hentry","category-bauen-wohnen","category-tipps-informationen","tag-konrad-adenauer-strasse-muss-kurzfristig-gesperrt-werden"],"_links":{"self":[{"href":"https:\/\/hier-luebeck.de\/index.php\/wp-json\/wp\/v2\/posts\/462325","targetHints":{"allow":["GET"]}}],"collection":[{"href":"https:\/\/hier-luebeck.de\/index.php\/wp-json\/wp\/v2\/posts"}],"about":[{"href":"https:\/\/hier-luebeck.de\/index.php\/wp-json\/wp\/v2\/types\/post"}],"author":[{"embeddable":true,"href":"https:\/\/hier-luebeck.de\/index.php\/wp-json\/wp\/v2\/users\/4994"}],"replies":[{"embeddable":true,"href":"https:\/\/hier-luebeck.de\/index.php\/wp-json\/wp\/v2\/comments?post=462325"}],"version-history":[{"count":1,"href":"https:\/\/hier-luebeck.de\/index.php\/wp-json\/wp\/v2\/posts\/462325\/revisions"}],"predecessor-version":[{"id":462326,"href":"https:\/\/hier-luebeck.de\/index.php\/wp-json\/wp\/v2\/posts\/462325\/revisions\/462326"}],"wp:featuredmedia":[{"embeddable":true,"href":"https:\/\/hier-luebeck.de\/index.php\/wp-json\/wp\/v2\/media\/445092"}],"wp:attachment":[{"href":"https:\/\/hier-luebeck.de\/index.php\/wp-json\/wp\/v2\/media?parent=462325"}],"wp:term":[{"taxonomy":"category","embeddable":true,"href":"https:\/\/hier-luebeck.de\/index.php\/wp-json\/wp\/v2\/categories?post=462325"},{"taxonomy":"post_tag","embeddable":true,"href":"https:\/\/hier-luebeck.de\/index.php\/wp-json\/wp\/v2\/tags?post=462325"}],"curies":[{"name":"wp","href":"https:\/\/api.w.org\/{rel}","templated":true}]}}