{"id":462328,"date":"2026-09-02T13:47:34","date_gmt":"2026-09-02T11:47:34","guid":{"rendered":"https:\/\/hier-luebeck.de\/index.php\/pol-rz-bmw-ueberschlaegt-sich-im-baustellenbereich-fahrer-leicht-verletzt\/"},"modified":"2026-09-02T13:47:34","modified_gmt":"2026-09-02T11:47:34","slug":"pol-rz-bmw-ueberschlaegt-sich-im-baustellenbereich-fahrer-leicht-verletzt","status":"publish","type":"post","link":"https:\/\/hier-luebeck.de\/index.php\/pol-rz-bmw-ueberschlaegt-sich-im-baustellenbereich-fahrer-leicht-verletzt\/","title":{"rendered":"POL-RZ: BMW \u00fcberschl\u00e4gt sich im Baustellenbereich &#8211; Fahrer leicht verletzt"},"content":{"rendered":"<p>Ratzeburg (ots) &#8211; <\/p>\n<p>02.09.2026 | Kreis Herzogtum Lauenburg | 02. September 2026 &#8211; A 24 \/Sachsenwald<\/p>\n<p>Heute Vormittag, gegen 10.50 Uhr ereignete sich auf der Autobahn 24 zwischen der Anschlussstelle Schwarzenbek\/Grande und Witzhave in Fahrtrichtung Hamburg, im dortigen Baustellenbereich, ein Verkehrsunfall.<br \/>\nNach derzeitigen Erkenntnissen habe ein 56-j\u00e4hriger BMW-Fahrer die A24 von Berlin kommend in Fahrtrichtung Hamburg befahren. Aus noch ungekl\u00e4rter Ursache soll der Hamburger im Bereich einer Baustelle die Kontrolle \u00fcber seinen Pkw verloren haben.<\/p>\n<p><!--more--><\/p>\n<p>Das Fahrzeug soll sich dabei \u00fcberschlagen und auf dem Dach liegend zum Stehen gekommen sein.<br \/>\nDer BMW-Fahrer habe das Unfallfahrzeug eigenst\u00e4ndig verlassen k\u00f6nnen. Er zog sich leichte Verletzungen zu und wurde mit einem Rettungswagen in ein Krankenhaus gebracht.<br \/>\nW\u00e4hrend der Unfallaufnahme und zur R\u00e4umung der Unfallstelle musste die A 24 in Fahrtrichtung Hamburg bis ca. 12.45 Uhr vollgesperrt werden.<br \/>\nR\u00fcckfragen bitte an:<\/p>\n<p>Polizeidirektion Ratzeburg<br \/>\n&#8211; Stabsstelle \/ Presse &#8211;<br \/>\nSandra Kilian<br \/>\nTelefon: 04541\/809-2011<br \/>\nE-Mail: Presse.Ratzeburg.PD@polizei.landsh.de<\/p>\n<p>Original-Content von: Polizeidirektion Ratzeburg, \u00fcbermittelt durch news aktuell<\/p>\n<p>Dieser Beitrag wurde automatisch von Presseportal.de zur Verf\u00fcgung gestellt: https:\/\/www.presseportal.de\/blaulicht\/pm\/43735\/6344466<\/p>\n","protected":false},"excerpt":{"rendered":"<p>Ratzeburg (ots) &#8211; 02.09.2026 | Kreis Herzogtum Lauenburg | 02. September 2026 &#8211; A 24 \/Sachsenwald Heute Vormittag, gegen 10.50<\/p>\n","protected":false},"author":0,"featured_media":0,"comment_status":"open","ping_status":"open","sticky":false,"template":"","format":"standard","meta":{"colormag_page_container_layout":"default_layout","colormag_page_sidebar_layout":"default_layout","footnotes":""},"categories":[1527],"tags":[],"class_list":["post-462328","post","type-post","status-publish","format-standard","hentry","category-blaulicht"],"_links":{"self":[{"href":"https:\/\/hier-luebeck.de\/index.php\/wp-json\/wp\/v2\/posts\/462328","targetHints":{"allow":["GET"]}}],"collection":[{"href":"https:\/\/hier-luebeck.de\/index.php\/wp-json\/wp\/v2\/posts"}],"about":[{"href":"https:\/\/hier-luebeck.de\/index.php\/wp-json\/wp\/v2\/types\/post"}],"replies":[{"embeddable":true,"href":"https:\/\/hier-luebeck.de\/index.php\/wp-json\/wp\/v2\/comments?post=462328"}],"version-history":[{"count":0,"href":"https:\/\/hier-luebeck.de\/index.php\/wp-json\/wp\/v2\/posts\/462328\/revisions"}],"wp:attachment":[{"href":"https:\/\/hier-luebeck.de\/index.php\/wp-json\/wp\/v2\/media?parent=462328"}],"wp:term":[{"taxonomy":"category","embeddable":true,"href":"https:\/\/hier-luebeck.de\/index.php\/wp-json\/wp\/v2\/categories?post=462328"},{"taxonomy":"post_tag","embeddable":true,"href":"https:\/\/hier-luebeck.de\/index.php\/wp-json\/wp\/v2\/tags?post=462328"}],"curies":[{"name":"wp","href":"https:\/\/api.w.org\/{rel}","templated":true}]}}