{"id":462329,"date":"2026-09-02T13:37:55","date_gmt":"2026-09-02T11:37:55","guid":{"rendered":"https:\/\/hier-luebeck.de\/index.php\/pol-se-20260902-3-elmshorn-ordnungsamt-und-ermittlungsgruppe-jugend-der-kriminalpolizei-elmshorn-vollstrecken-durchsuchungsbeschluss-mobiltelefon-beschlagnahmt\/"},"modified":"2026-09-02T13:37:55","modified_gmt":"2026-09-02T11:37:55","slug":"pol-se-20260902-3-elmshorn-ordnungsamt-und-ermittlungsgruppe-jugend-der-kriminalpolizei-elmshorn-vollstrecken-durchsuchungsbeschluss-mobiltelefon-beschlagnahmt","status":"publish","type":"post","link":"https:\/\/hier-luebeck.de\/index.php\/pol-se-20260902-3-elmshorn-ordnungsamt-und-ermittlungsgruppe-jugend-der-kriminalpolizei-elmshorn-vollstrecken-durchsuchungsbeschluss-mobiltelefon-beschlagnahmt\/","title":{"rendered":"POL-SE: 20260902.3: Elmshorn &#8211; Ordnungsamt und Ermittlungsgruppe Jugend der Kriminalpolizei Elmshorn vollstrecken Durchsuchungsbeschluss &#8211; Mobiltelefon beschlagnahmt"},"content":{"rendered":"<p>Elmhorn (ots) &#8211; <\/p>\n<p>Im Rahmen eines gemeinsamen Einsatzes haben das Ordnungsamt und die Ermittlungsgruppe Jugend der Kriminalpolizei Elmshorn einen richterlich angeordneten Durchsuchungsbeschluss im Zusammenhang mit dem unerlaubten Verkauf von Vapes an Jugendliche vollstreckt.<br \/>\nHintergrund der Ma\u00dfnahme waren konkrete Erkenntnisse dar\u00fcber, dass ein Jugendlicher E-Zigaretten beziehungsweise Vapes an andere Jugendliche weiterverkauft haben soll. Der Verkauf und die Abgabe von E-Zigaretten an Minderj\u00e4hrige sind nach dem Jugendschutzgesetz verboten.<br \/>\nEin Mobiltelefon wurde beschlagnahmt und weiter ausgewertet.<\/p>\n<p><!--more--><\/p>\n<p>&#8222;Jugendschutz bedeutet f\u00fcr uns nicht, erst dann einzuschreiten, wenn sich problematische Strukturen verfestigt haben. Wer Vapes an Minderj\u00e4hrige verkauft, muss damit rechnen, dass wir genau hinschauen und konsequent handeln. Unser Ziel ist dabei nicht, Jugendliche zu kriminalisieren, sondern andere Jugendliche zu sch\u00fctzen und klarzumachen: Der Verkauf an Minderj\u00e4hrige ist kein Kavaliersdelikt.&#8220;, erkl\u00e4rt Kevin Schulz, Bediensteter des Ordnungsamtes.<br \/>\nDie gemeinsame Ma\u00dfnahme von Ordnungsamt und Ermittlungsgruppe Jugend der Kriminalpolizei Elmshorn soll zugleich ein deutliches Signal setzen: Auch vermeintlich private oder informelle Verkaufsstrukturen unter Jugendlichen bleiben nicht unbeachtet. Hinweise auf den Verkauf oder die Abgabe von Vapes und anderen f\u00fcr Minderj\u00e4hrige verbotenen Produkten k\u00f6nnen von den zust\u00e4ndigen Beh\u00f6rden gepr\u00fcft und entsprechende Ma\u00dfnahmen nach sich ziehen.<br \/>\nDie Ermittlungen im konkreten Fall dauern an<\/p>\n<p>R\u00fcckfragen bitte an:<\/p>\n<p>Polizeidirektion Bad Segeberg<br \/>\n&#8211; Pressestelle &#8211;<br \/>\nDorfstr. 16-18<br \/>\n23795 Bad Segeberg<\/p>\n<p>Sandra Firsching<br \/>\nTelefon: 04551-884-2020<\/p>\n<p>E-Mail: pressestelle.badsegeberg@polizei.landsh.de<\/p>\n<p>Original-Content von: Polizeidirektion Bad Segeberg, \u00fcbermittelt durch news aktuell<\/p>\n<p>Dieser Beitrag wurde automatisch von Presseportal.de zur Verf\u00fcgung gestellt: https:\/\/www.presseportal.de\/blaulicht\/pm\/19027\/6344458<\/p>\n","protected":false},"excerpt":{"rendered":"<p>Elmhorn (ots) &#8211; Im Rahmen eines gemeinsamen Einsatzes haben das Ordnungsamt und die Ermittlungsgruppe Jugend der Kriminalpolizei Elmshorn einen richterlich<\/p>\n","protected":false},"author":0,"featured_media":0,"comment_status":"open","ping_status":"open","sticky":false,"template":"","format":"standard","meta":{"colormag_page_container_layout":"default_layout","colormag_page_sidebar_layout":"default_layout","footnotes":""},"categories":[1527],"tags":[],"class_list":["post-462329","post","type-post","status-publish","format-standard","hentry","category-blaulicht"],"_links":{"self":[{"href":"https:\/\/hier-luebeck.de\/index.php\/wp-json\/wp\/v2\/posts\/462329","targetHints":{"allow":["GET"]}}],"collection":[{"href":"https:\/\/hier-luebeck.de\/index.php\/wp-json\/wp\/v2\/posts"}],"about":[{"href":"https:\/\/hier-luebeck.de\/index.php\/wp-json\/wp\/v2\/types\/post"}],"replies":[{"embeddable":true,"href":"https:\/\/hier-luebeck.de\/index.php\/wp-json\/wp\/v2\/comments?post=462329"}],"version-history":[{"count":0,"href":"https:\/\/hier-luebeck.de\/index.php\/wp-json\/wp\/v2\/posts\/462329\/revisions"}],"wp:attachment":[{"href":"https:\/\/hier-luebeck.de\/index.php\/wp-json\/wp\/v2\/media?parent=462329"}],"wp:term":[{"taxonomy":"category","embeddable":true,"href":"https:\/\/hier-luebeck.de\/index.php\/wp-json\/wp\/v2\/categories?post=462329"},{"taxonomy":"post_tag","embeddable":true,"href":"https:\/\/hier-luebeck.de\/index.php\/wp-json\/wp\/v2\/tags?post=462329"}],"curies":[{"name":"wp","href":"https:\/\/api.w.org\/{rel}","templated":true}]}}