{"id":462330,"date":"2026-09-02T13:37:52","date_gmt":"2026-09-02T11:37:52","guid":{"rendered":"https:\/\/hier-luebeck.de\/index.php\/pol-hl-ostholstein-timmendorfer-strand-polizei-stellt-mithilfe-von-zeugen-einbrecher-auf-frischer-tat\/"},"modified":"2026-09-02T13:37:52","modified_gmt":"2026-09-02T11:37:52","slug":"pol-hl-ostholstein-timmendorfer-strand-polizei-stellt-mithilfe-von-zeugen-einbrecher-auf-frischer-tat","status":"publish","type":"post","link":"https:\/\/hier-luebeck.de\/index.php\/pol-hl-ostholstein-timmendorfer-strand-polizei-stellt-mithilfe-von-zeugen-einbrecher-auf-frischer-tat\/","title":{"rendered":"POL-HL: Ostholstein &#8211; Timmendorfer Strand \/ Polizei stellt mithilfe von Zeugen Einbrecher auf frischer Tat"},"content":{"rendered":"<p>L\u00fcbeck (ots) &#8211; <\/p>\n<p>Am sp\u00e4ten Dienstagabend (01.09.2026) kam es zu einem Einbruch in einen Supermarkt in Timmendorfer Strand. Alarmierte Polizeikr\u00e4fte stellten im Supermarkt eine maskierte Person fest, welche daraufhin die Flucht ergriff. Mithilfe von Zeugen konnte die Person au\u00dferhalb des Marktes gefasst und vorl\u00e4ufig festgenommen werden.<br \/>\nGegen 23:00 Uhr begaben sich Polizeikr\u00e4fte aufgrund eines Einbruchalarms zu einem Supermarkt in Timmendorfer Strand.<\/p>\n<p><!--more--><\/p>\n<p>Im Rahmen einer \u00e4u\u00dferen Objektkontrolle mit zwei Mitarbeitern des Sicherheitsdienstes nahmen sie Ger\u00e4usche aus dem Geb\u00e4udeinneren wahr. Die Polizeibeamten stellten durch eine Nebent\u00fcr eine dunkel gekleidete, maskierte Person an einer Glasvitrine im Markt fest. Die Person fl\u00fcchtete, konnte jedoch durch die Mitarbeiter des Sicherheitsdienstes au\u00dferhalb des Objektes aufgehalten werden.<br \/>\nBei dem Tatverd\u00e4chtigen handelt es sich um einen 28-j\u00e4hrigen Mann (t\u00fcrkischer Staatsangeh\u00f6rigkeit) aus Bayern. Dieser steht im Verdacht, eine Glasvitrine mit Steinen eingeworfen und darin befindliche Smartphones entwendet zu haben. Die Schadensh\u00f6he bel\u00e4uft sich auf einen niedrigen vierstelligen Betrag.<br \/>\nDie Polizeibeamten stellten die entwendeten Smartphones sicher und nahmen den Tatverd\u00e4chtigen vorl\u00e4ufig fest. Nach Beendigungen der polizeilichen Ma\u00dfnahmen bei der Kriminalpolizei wurde der Tatverd\u00e4chtige entlassen. Die Kriminalpolizeistelle Bad Schwartau hat Ermittlungen wegen des Verdachts des besonders schweren Fall des Diebstahls aufgenommen.<br \/>\nR\u00fcckfragen bitte an:<\/p>\n<p>Polizeidirektion L\u00fcbeck<br \/>\nStabsstelle\/\u00d6ffentlichkeitsarbeit<br \/>\nLea Haubrich &#8211; Pressesprecherin<br \/>\nTelefon: 0451-131-2007<br \/>\nE-Mail: pressestelle.luebeck.pd@polizei.landsh.de<\/p>\n<p>Original-Content von: Polizeidirektion L\u00fcbeck, \u00fcbermittelt durch news aktuell<\/p>\n<p>Dieser Beitrag wurde automatisch von Presseportal.de zur Verf\u00fcgung gestellt: https:\/\/www.presseportal.de\/blaulicht\/pm\/43738\/6344457<\/p>\n","protected":false},"excerpt":{"rendered":"<p>L\u00fcbeck (ots) &#8211; Am sp\u00e4ten Dienstagabend (01.09.2026) kam es zu einem Einbruch in einen Supermarkt in Timmendorfer Strand. Alarmierte Polizeikr\u00e4fte<\/p>\n","protected":false},"author":0,"featured_media":0,"comment_status":"open","ping_status":"open","sticky":false,"template":"","format":"standard","meta":{"colormag_page_container_layout":"default_layout","colormag_page_sidebar_layout":"default_layout","footnotes":""},"categories":[1527],"tags":[],"class_list":["post-462330","post","type-post","status-publish","format-standard","hentry","category-blaulicht"],"_links":{"self":[{"href":"https:\/\/hier-luebeck.de\/index.php\/wp-json\/wp\/v2\/posts\/462330","targetHints":{"allow":["GET"]}}],"collection":[{"href":"https:\/\/hier-luebeck.de\/index.php\/wp-json\/wp\/v2\/posts"}],"about":[{"href":"https:\/\/hier-luebeck.de\/index.php\/wp-json\/wp\/v2\/types\/post"}],"replies":[{"embeddable":true,"href":"https:\/\/hier-luebeck.de\/index.php\/wp-json\/wp\/v2\/comments?post=462330"}],"version-history":[{"count":0,"href":"https:\/\/hier-luebeck.de\/index.php\/wp-json\/wp\/v2\/posts\/462330\/revisions"}],"wp:attachment":[{"href":"https:\/\/hier-luebeck.de\/index.php\/wp-json\/wp\/v2\/media?parent=462330"}],"wp:term":[{"taxonomy":"category","embeddable":true,"href":"https:\/\/hier-luebeck.de\/index.php\/wp-json\/wp\/v2\/categories?post=462330"},{"taxonomy":"post_tag","embeddable":true,"href":"https:\/\/hier-luebeck.de\/index.php\/wp-json\/wp\/v2\/tags?post=462330"}],"curies":[{"name":"wp","href":"https:\/\/api.w.org\/{rel}","templated":true}]}}