{"id":462332,"date":"2026-09-02T10:33:03","date_gmt":"2026-09-02T08:33:03","guid":{"rendered":"https:\/\/hier-luebeck.de\/index.php\/pol-hl-oh-ahrensboek-pkw-faehrt-gegen-hauswand-supermarkt-muss-geraeumt-werden\/"},"modified":"2026-09-02T10:33:03","modified_gmt":"2026-09-02T08:33:03","slug":"pol-hl-oh-ahrensboek-pkw-faehrt-gegen-hauswand-supermarkt-muss-geraeumt-werden","status":"publish","type":"post","link":"https:\/\/hier-luebeck.de\/index.php\/pol-hl-oh-ahrensboek-pkw-faehrt-gegen-hauswand-supermarkt-muss-geraeumt-werden\/","title":{"rendered":"POL-HL: OH-Ahrensb\u00f6k \/ PKW f\u00e4hrt gegen Hauswand &#8211; Supermarkt muss ger\u00e4umt werden"},"content":{"rendered":"<p>L\u00fcbeck (ots) &#8211; <\/p>\n<p>Am gestrigen Dienstagnachmittag (01.09.) fuhr eine Autofahrerin gegen die Hauswand eines Supermarkts in der Stra\u00dfe B\u00f6kenbarg in Ahrensb\u00f6k. Hierbei verletzte sie sich leicht und die Polizei sowie weitere Rettungskr\u00e4fte wurden verst\u00e4ndigt. Der Supermarkt wurde ger\u00e4umt und bleibt vorerst geschlossen.<br \/>\nGegen 15 Uhr fuhr eine 68-j\u00e4hrige Ostholsteinerin mit einem Mercedes-Benz GLC auf den Parkplatz des Rewe-Markts im B\u00f6kenbarg in Ahrensb\u00f6k  und versuchte, vorw\u00e4rts in eine Parkl\u00fccke einzuparken.<\/p>\n<p><!--more--><\/p>\n<p>Nach ersten Erkenntnissen rutschte dabei ihr Fu\u00df von der Bremse und geriet auf das Gaspedal. In Folge dessen fuhr der Wagen frontal gegen die nahegelegene Geb\u00e4udewand des Supermarkts.<br \/>\nDie Frau wurde hierbei leicht verletzt und am Unfallort durch eine Rettungswagenbesatzung behandelt.<br \/>\nAn der Geb\u00e4udewand entstand ein nicht unerheblicher Sachschaden. Daher wurde der Supermarkt vorsorglich ger\u00e4umt und die Mitarbeitenden sowie Kundinnen und Kunden mussten den Markt verlassen. Die Feuerwehr sperrte den Parkplatz im Bereich der Unfallstelle ab.<br \/>\nUm eine m\u00f6gliche Beeintr\u00e4chtigung der Statik zu \u00fcberpr\u00fcfen, wurde durch die Feuerwehr ein Baufachberater des Technischen Hilfswerks angefordert. Es wurde entschieden, dass das Geb\u00e4ude vorerst abgest\u00fctzt und die Supermarktfiliale geschlossen bleiben muss.<br \/>\nDer Mercedes-Benz wurde ebenfalls bei dem Zusammensto\u00df besch\u00e4digt und anschlie\u00dfend abgeschleppt.<br \/>\nEine Gesamtschadensh\u00f6he steht noch nicht fest.<br \/>\nDie Ermittlungen zum Verkehrsunfall werden durch die Polizeistation Ahrensb\u00f6k gef\u00fchrt.<br \/>\nR\u00fcckfragen bitte an:<\/p>\n<p>Ren\u00e9 Saalfeld<br \/>\nPolizeidirektion L\u00fcbeck<br \/>\nPolizeidirektion L\u00fcbeck Pressestelle<br \/>\nTelefon: 0451-131-2015<br \/>\nFax: 0451-131-2019<br \/>\nE-Mail: pressestelle.luebeck.pd@polizei.landsh.de<\/p>\n<p>Original-Content von: Polizeidirektion L\u00fcbeck, \u00fcbermittelt durch news aktuell<\/p>\n<p>Dieser Beitrag wurde automatisch von Presseportal.de zur Verf\u00fcgung gestellt: https:\/\/www.presseportal.de\/blaulicht\/pm\/43738\/6344223<\/p>\n","protected":false},"excerpt":{"rendered":"<p>L\u00fcbeck (ots) &#8211; Am gestrigen Dienstagnachmittag (01.09.) fuhr eine Autofahrerin gegen die Hauswand eines Supermarkts in der Stra\u00dfe B\u00f6kenbarg in<\/p>\n","protected":false},"author":0,"featured_media":0,"comment_status":"open","ping_status":"open","sticky":false,"template":"","format":"standard","meta":{"colormag_page_container_layout":"default_layout","colormag_page_sidebar_layout":"default_layout","footnotes":""},"categories":[1527],"tags":[],"class_list":["post-462332","post","type-post","status-publish","format-standard","hentry","category-blaulicht"],"_links":{"self":[{"href":"https:\/\/hier-luebeck.de\/index.php\/wp-json\/wp\/v2\/posts\/462332","targetHints":{"allow":["GET"]}}],"collection":[{"href":"https:\/\/hier-luebeck.de\/index.php\/wp-json\/wp\/v2\/posts"}],"about":[{"href":"https:\/\/hier-luebeck.de\/index.php\/wp-json\/wp\/v2\/types\/post"}],"replies":[{"embeddable":true,"href":"https:\/\/hier-luebeck.de\/index.php\/wp-json\/wp\/v2\/comments?post=462332"}],"version-history":[{"count":0,"href":"https:\/\/hier-luebeck.de\/index.php\/wp-json\/wp\/v2\/posts\/462332\/revisions"}],"wp:attachment":[{"href":"https:\/\/hier-luebeck.de\/index.php\/wp-json\/wp\/v2\/media?parent=462332"}],"wp:term":[{"taxonomy":"category","embeddable":true,"href":"https:\/\/hier-luebeck.de\/index.php\/wp-json\/wp\/v2\/categories?post=462332"},{"taxonomy":"post_tag","embeddable":true,"href":"https:\/\/hier-luebeck.de\/index.php\/wp-json\/wp\/v2\/tags?post=462332"}],"curies":[{"name":"wp","href":"https:\/\/api.w.org\/{rel}","templated":true}]}}