{"id":462338,"date":"2026-09-02T18:01:26","date_gmt":"2026-09-02T16:01:26","guid":{"rendered":"https:\/\/hier-luebeck.de\/?p=462338"},"modified":"2026-09-02T18:01:26","modified_gmt":"2026-09-02T16:01:26","slug":"wir-schaffen-klarheit-bei-der-schulpflicht-fuer-heimkinder-und-bei-videoaufnahmen-im-unterricht","status":"publish","type":"post","link":"https:\/\/hier-luebeck.de\/index.php\/wir-schaffen-klarheit-bei-der-schulpflicht-fuer-heimkinder-und-bei-videoaufnahmen-im-unterricht\/","title":{"rendered":"Wir schaffen Klarheit bei der Schulpflicht f\u00fcr Heimkinder und bei Videoaufnahmen im Unterricht"},"content":{"rendered":"<p>Zur Sitzung des Bildungsausschusses am 3. September 2026 bringen die Koalitionsfraktionen von CDU und B\u00fcndnis 90\/Die Gr\u00fcnen einen gemeinsamen \u00c4nderungsantrag ein. Damit sollen zum einen die Schulpflicht von Kindern und Jugendlichen in Heimen geregelt und zum anderen die Voraussetzungen f\u00fcr Bild- und Tonaufnahmen im Unterricht klarer gefasst werden.<!--more--><\/p>\n<p>Dazu erkl\u00e4rt der bildungspolitische Sprecher von B\u00fcndnis 90\/Die Gr\u00fcnen, <strong>Malte Kr\u00fcger<\/strong>:<\/p>\n<p>\u201eWir wollen eine gesetzliche Schulpflicht f\u00fcr alle Kinder und Jugendlichen in Erziehungshilfeeinrichtungen (umgangssprachlich Heimkinder) schaffen, egal, aus welchem Bundesland sie kommen. Mit der neuen Regelung gibt es eine gesetzliche Gleichberechtigung in Schleswig-Holstein. Gerade diesen jungen Menschen wollen wir mit der Gesetzes\u00e4nderung einen Anspruch auf Regelbeschulung sichern.\u201c<\/p>\n<p>Der bildungspolitische Sprecher der CDU-Landtagsfraktion, <strong>Martin Balasus<\/strong>, erkl\u00e4rt zu den geplanten Regelungen f\u00fcr Bild- und Tonaufnahmen:<\/p>\n<p>\u201eWir haben in der vergangenen Landtagssitzung deutlich gemacht, dass wir uns die Regelung zu Bild- und Tonaufnahmen noch einmal genau ansehen. Deshalb stellen wir jetzt direkt im Gesetzestext klar, dass kein Sch\u00fcler gegen seinen erkl\u00e4rten Willen oder den seiner Eltern im Unterricht aufgenommen werden darf.<\/p>\n<p>Gleichzeitig wollen wir p\u00e4dagogisch sinnvolle M\u00f6glichkeiten digitaler Technik nicht pauschal ausschlie\u00dfen. Eine Videoaufnahme kann beispielsweise bei einem Vortrag helfen, K\u00f6rpersprache oder Pr\u00e4sentation anschlie\u00dfend gemeinsam auszuwerten. Daf\u00fcr braucht es aber klare Grenzen. Aufnahmen d\u00fcrfen ausschlie\u00dflich der p\u00e4dagogischen R\u00fcckmeldung im konkreten Einzelfall dienen und m\u00fcssen geeignet, erforderlich und angemessen sein.\u201c<\/p>\n","protected":false},"excerpt":{"rendered":"<p>Zur Sitzung des Bildungsausschusses am 3. September 2026 bringen die Koalitionsfraktionen von CDU und B\u00fcndnis 90\/Die Gr\u00fcnen einen gemeinsamen \u00c4nderungsantrag<\/p>\n","protected":false},"author":4994,"featured_media":435056,"comment_status":"open","ping_status":"closed","sticky":false,"template":"","format":"standard","meta":{"colormag_page_container_layout":"default_layout","colormag_page_sidebar_layout":"default_layout","footnotes":""},"categories":[5],"tags":[28838],"class_list":["post-462338","post","type-post","status-publish","format-standard","has-post-thumbnail","hentry","category-politik-wirtschaft","tag-wir-schaffen-klarheit-bei-der-schulpflicht-fuer-heimkinder-und-bei-videoaufnahmen-im-unterricht"],"_links":{"self":[{"href":"https:\/\/hier-luebeck.de\/index.php\/wp-json\/wp\/v2\/posts\/462338","targetHints":{"allow":["GET"]}}],"collection":[{"href":"https:\/\/hier-luebeck.de\/index.php\/wp-json\/wp\/v2\/posts"}],"about":[{"href":"https:\/\/hier-luebeck.de\/index.php\/wp-json\/wp\/v2\/types\/post"}],"author":[{"embeddable":true,"href":"https:\/\/hier-luebeck.de\/index.php\/wp-json\/wp\/v2\/users\/4994"}],"replies":[{"embeddable":true,"href":"https:\/\/hier-luebeck.de\/index.php\/wp-json\/wp\/v2\/comments?post=462338"}],"version-history":[{"count":1,"href":"https:\/\/hier-luebeck.de\/index.php\/wp-json\/wp\/v2\/posts\/462338\/revisions"}],"predecessor-version":[{"id":462340,"href":"https:\/\/hier-luebeck.de\/index.php\/wp-json\/wp\/v2\/posts\/462338\/revisions\/462340"}],"wp:featuredmedia":[{"embeddable":true,"href":"https:\/\/hier-luebeck.de\/index.php\/wp-json\/wp\/v2\/media\/435056"}],"wp:attachment":[{"href":"https:\/\/hier-luebeck.de\/index.php\/wp-json\/wp\/v2\/media?parent=462338"}],"wp:term":[{"taxonomy":"category","embeddable":true,"href":"https:\/\/hier-luebeck.de\/index.php\/wp-json\/wp\/v2\/categories?post=462338"},{"taxonomy":"post_tag","embeddable":true,"href":"https:\/\/hier-luebeck.de\/index.php\/wp-json\/wp\/v2\/tags?post=462338"}],"curies":[{"name":"wp","href":"https:\/\/api.w.org\/{rel}","templated":true}]}}