{"id":462341,"date":"2026-09-02T18:06:05","date_gmt":"2026-09-02T16:06:05","guid":{"rendered":"https:\/\/hier-luebeck.de\/?p=462341"},"modified":"2026-09-02T18:06:05","modified_gmt":"2026-09-02T16:06:05","slug":"marion-schiefer-elektronisches-erstes-staatsexamen-staerkt-juristische-ausbildung","status":"publish","type":"post","link":"https:\/\/hier-luebeck.de\/index.php\/marion-schiefer-elektronisches-erstes-staatsexamen-staerkt-juristische-ausbildung\/","title":{"rendered":"Marion Schiefer: Elektronisches erstes Staatsexamen st\u00e4rkt juristische Ausbildung"},"content":{"rendered":"<p>Zur heute unterzeichneten Absichtserkl\u00e4rung zur Einf\u00fchrung des elektronischen ersten juristischen Staatsexamens erkl\u00e4rt die justizpolitische Sprecherin, Marion Schiefer:<\/p>\n<p>\u201eNicht jeder denkt, strukturiert und schreibt auf dieselbe Weise. Manche arbeiten am Computer deutlich schneller und strukturierter, andere k\u00f6nnen sich handschriftlich besser konzentrieren oder f\u00fchlen sich damit sicherer. Eine faire Pr\u00fcfung muss nicht alle zur gleichen Arbeitsweise zwingen, sondern vergleichbare Pr\u00fcfungsbedingungen bei unterschiedlichen Arbeitsweisen erm\u00f6glichen. Die Einf\u00fchrung der M\u00f6glichkeit, das erste juristische Staatsexamen voraussichtlich ab 2028 in Kiel digital anbieten zu k\u00f6nnen, ist daher ein richtiger Schritt.\u201c<!--more--><\/p>\n<p>F\u00fcr die Studierenden werde es k\u00fcnftig die freie Wahl geben, in welcher Methode diese das erste Staatsexamen ablegen wollen. Im zweiten Staatsexamen werde die digitale Anfertigung der Pr\u00fcfungsarbeiten schon heute von dem gr\u00f6\u00dften Teil der Referendarinnen und Referendare genutzt. Bis die Pr\u00fcfungsklausuren in Kiel vor Ort geschrieben werden k\u00f6nnen, sollen die Pr\u00fcflinge zudem die M\u00f6glichkeit erhalten, die Pr\u00fcfungen auch in R\u00e4umlichkeiten in Hamburg ablegen zu k\u00f6nnen. Hierf\u00fcr werde die Kooperation mit Hamburg vertieft.<\/p>\n<p>K\u00fcnftig sollen die Pr\u00fcfungen im e-Assessement-Center auf dem Campus der Christian-Albrechts-Universit\u00e4t Kiel abgehalten werden. Zu dessen Ausstattung werde auch das Ministerium f\u00fcr Justiz und Gesundheit einen finanziellen Beitrag leisten.<\/p>\n<p>\u201eMit der Einf\u00fchrung des elektronischen ersten juristischen Staatsexamens st\u00e4rken wir die juristische Ausbildung bei uns in Schleswig-Holstein und machen die Entscheidung f\u00fcr ein Jura-Studium noch attraktiver\u201c, so Schiefer.<\/p>\n","protected":false},"excerpt":{"rendered":"<p>Zur heute unterzeichneten Absichtserkl\u00e4rung zur Einf\u00fchrung des elektronischen ersten juristischen Staatsexamens erkl\u00e4rt die justizpolitische Sprecherin, Marion Schiefer: \u201eNicht jeder denkt,<\/p>\n","protected":false},"author":4994,"featured_media":455740,"comment_status":"open","ping_status":"closed","sticky":false,"template":"","format":"standard","meta":{"colormag_page_container_layout":"default_layout","colormag_page_sidebar_layout":"default_layout","footnotes":""},"categories":[5],"tags":[28840,28841],"class_list":["post-462341","post","type-post","status-publish","format-standard","has-post-thumbnail","hentry","category-politik-wirtschaft","tag-gemeinsam-fuer-eine-starke-bioabfallverwertung-in-der-region","tag-marion-schiefer-elektronisches-erstes-staatsexamen-staerkt-juristische-ausbildung"],"_links":{"self":[{"href":"https:\/\/hier-luebeck.de\/index.php\/wp-json\/wp\/v2\/posts\/462341","targetHints":{"allow":["GET"]}}],"collection":[{"href":"https:\/\/hier-luebeck.de\/index.php\/wp-json\/wp\/v2\/posts"}],"about":[{"href":"https:\/\/hier-luebeck.de\/index.php\/wp-json\/wp\/v2\/types\/post"}],"author":[{"embeddable":true,"href":"https:\/\/hier-luebeck.de\/index.php\/wp-json\/wp\/v2\/users\/4994"}],"replies":[{"embeddable":true,"href":"https:\/\/hier-luebeck.de\/index.php\/wp-json\/wp\/v2\/comments?post=462341"}],"version-history":[{"count":1,"href":"https:\/\/hier-luebeck.de\/index.php\/wp-json\/wp\/v2\/posts\/462341\/revisions"}],"predecessor-version":[{"id":462344,"href":"https:\/\/hier-luebeck.de\/index.php\/wp-json\/wp\/v2\/posts\/462341\/revisions\/462344"}],"wp:featuredmedia":[{"embeddable":true,"href":"https:\/\/hier-luebeck.de\/index.php\/wp-json\/wp\/v2\/media\/455740"}],"wp:attachment":[{"href":"https:\/\/hier-luebeck.de\/index.php\/wp-json\/wp\/v2\/media?parent=462341"}],"wp:term":[{"taxonomy":"category","embeddable":true,"href":"https:\/\/hier-luebeck.de\/index.php\/wp-json\/wp\/v2\/categories?post=462341"},{"taxonomy":"post_tag","embeddable":true,"href":"https:\/\/hier-luebeck.de\/index.php\/wp-json\/wp\/v2\/tags?post=462341"}],"curies":[{"name":"wp","href":"https:\/\/api.w.org\/{rel}","templated":true}]}}