{"id":462347,"date":"2026-09-02T18:11:38","date_gmt":"2026-09-02T16:11:38","guid":{"rendered":"https:\/\/hier-luebeck.de\/?p=462347"},"modified":"2026-09-02T18:11:38","modified_gmt":"2026-09-02T16:11:38","slug":"berufliche-vielfalt-pferd","status":"publish","type":"post","link":"https:\/\/hier-luebeck.de\/index.php\/berufliche-vielfalt-pferd\/","title":{"rendered":"Berufliche Vielfalt Pferd"},"content":{"rendered":"<p><strong>Online-Veranstaltung am 15. September 2026 zu Karrierewegen, Chancen und Zukunftsperspektiven in der Pferdebranche<\/strong><!--more-->Die Pferdebranche bietet weit mehr Berufsm\u00f6glichkeiten als viele vermuten: von Reiten und Tiermedizin bis Medien, Events, Wirtschaft und Digitalisierung ist vieles dabei.<\/p>\n<p>\u201eIm Rahmen unserer Veranstaltung zeigen wir Ihnen Karrierewege rund ums Pferd auf, geben Einblicke in die Arbeitswelt einer vielseitigen Branche und zeigen Unterst\u00fctzungsm\u00f6glichkeiten auf. F\u00fcr das Thema \u201eZwischen Reitunterricht, Reittherapie und Robotern\u201c konnten wir Medina Dyczka, Pferdewirtin und Studierende der Pferdewirtschaft, gewinnen.<\/p>\n<p>Berufst\u00e4tige, Jobsuchende, Wiedereinsteigende und alle, die sich (neu) orientieren sowie berufliche Perspektiven mit Pferden entdecken m\u00f6chten, sind herzlich eingeladen\u201c, so Jessica Fischer, L\u00fcbecker Expertin im Team Berufsberatung im Erwerbsleben.<\/p>\n<p>Die kostenfreie Veranstaltung findet am 15. September 2026 von 17:00 bis 18:30 Uhr \u00fcber Skype for Business statt. Bitte melden Sie sich auf der Plattform <a href=\"https:\/\/eveeno.com\/vielfaltpferd\">https:\/\/eveeno.com\/vielfaltpferd<\/a> an.<\/p>\n","protected":false},"excerpt":{"rendered":"<p>Online-Veranstaltung am 15. September 2026 zu Karrierewegen, Chancen und Zukunftsperspektiven in der Pferdebranche<\/p>\n","protected":false},"author":3,"featured_media":462351,"comment_status":"closed","ping_status":"closed","sticky":false,"template":"","format":"standard","meta":{"colormag_page_container_layout":"default_layout","colormag_page_sidebar_layout":"default_layout","footnotes":""},"categories":[20,5,8,14],"tags":[28843,28845,28844],"class_list":["post-462347","post","type-post","status-publish","format-standard","has-post-thumbnail","hentry","category-besondere-neuigkeiten","category-politik-wirtschaft","category-flora-fauna-wasser","category-tipps-informationen","tag-berufliche-vielfalt-pferd","tag-chancen-und-zukunftsperspektiven-in-der-pferdebranche","tag-online-veranstaltung-am-15-september-2026-zu-karrierewegen"],"_links":{"self":[{"href":"https:\/\/hier-luebeck.de\/index.php\/wp-json\/wp\/v2\/posts\/462347","targetHints":{"allow":["GET"]}}],"collection":[{"href":"https:\/\/hier-luebeck.de\/index.php\/wp-json\/wp\/v2\/posts"}],"about":[{"href":"https:\/\/hier-luebeck.de\/index.php\/wp-json\/wp\/v2\/types\/post"}],"author":[{"embeddable":true,"href":"https:\/\/hier-luebeck.de\/index.php\/wp-json\/wp\/v2\/users\/3"}],"replies":[{"embeddable":true,"href":"https:\/\/hier-luebeck.de\/index.php\/wp-json\/wp\/v2\/comments?post=462347"}],"version-history":[{"count":1,"href":"https:\/\/hier-luebeck.de\/index.php\/wp-json\/wp\/v2\/posts\/462347\/revisions"}],"predecessor-version":[{"id":462352,"href":"https:\/\/hier-luebeck.de\/index.php\/wp-json\/wp\/v2\/posts\/462347\/revisions\/462352"}],"wp:featuredmedia":[{"embeddable":true,"href":"https:\/\/hier-luebeck.de\/index.php\/wp-json\/wp\/v2\/media\/462351"}],"wp:attachment":[{"href":"https:\/\/hier-luebeck.de\/index.php\/wp-json\/wp\/v2\/media?parent=462347"}],"wp:term":[{"taxonomy":"category","embeddable":true,"href":"https:\/\/hier-luebeck.de\/index.php\/wp-json\/wp\/v2\/categories?post=462347"},{"taxonomy":"post_tag","embeddable":true,"href":"https:\/\/hier-luebeck.de\/index.php\/wp-json\/wp\/v2\/tags?post=462347"}],"curies":[{"name":"wp","href":"https:\/\/api.w.org\/{rel}","templated":true}]}}