{"id":462354,"date":"2026-09-02T18:22:45","date_gmt":"2026-09-02T16:22:45","guid":{"rendered":"https:\/\/hier-luebeck.de\/?p=462354"},"modified":"2026-09-02T18:22:45","modified_gmt":"2026-09-02T16:22:45","slug":"wenn-die-sonne-zur-gefahr-wird-hautkrebs-nimmt-zu","status":"publish","type":"post","link":"https:\/\/hier-luebeck.de\/index.php\/wenn-die-sonne-zur-gefahr-wird-hautkrebs-nimmt-zu\/","title":{"rendered":"Wenn die Sonne zur Gefahr wird: Hautkrebs nimmt zu"},"content":{"rendered":"<p>Symbolfoto: Gemini KI generiert_(c) TBF \u00b7 KKH: wei\u00dfer Hautkrebs f\u00fcnfmal h\u00e4ufiger als schwarzer \/ Jeder Sonnenbrand kann das Risiko erh\u00f6hen. Hannover, 2. September 2026 \u2013 Ein langer Tag im Freibad oder im Garten und abends gl\u00fcht die Haut rot: Sonnenbrand gilt f\u00fcr viele als l\u00e4stiges, aber auf den ersten Blick harmloses Sommer\u00fcbel. <!--more-->Dass er langfristig gef\u00e4hrlich werden kann, ger\u00e4t dabei oft in Vergessenheit. Eine aktuelle Auswertung der KKH Kaufm\u00e4nnische Krankenkasse zeigt, dass die Zahl der von Hautkrebs Betroffenen deutlich gestiegen ist: 2024 waren deutschlandweit 28 Prozent mehr KKH-Versicherte aufgrund der Diagnose schwarzer Hautkrebs (malignes Melanom) in \u00e4rztlicher Behandlung als noch 2014.<\/p>\n<p>Diese Krebsart ist b\u00f6sartig und potenziell lebensgef\u00e4hrlich. Noch st\u00e4rker f\u00e4llt der Anstieg beim wei\u00dfen Hautkrebs (Basalzell- und spinozellul\u00e4res Karzinom) aus: Hier wurden 2024 rund 45 Prozent mehr Behandlungen registriert als zehn Jahre zuvor. Wei\u00dfer Hautkrebs w\u00e4chst in der Regel langsamer und bildet seltener Metastasen.<\/p>\n<p>Er gilt medizinisch als weniger gef\u00e4hrlich, ist gleichzeitig aber deutlich h\u00e4ufiger: Insgesamt behandelten \u00c4rztinnen und \u00c4rzte 2024 fast f\u00fcnfmal so viele Patientinnen und Patienten mit wei\u00dfem wie mit schwarzem Hautkrebs.<br \/>\n<a href=\"https:\/\/hier-luebeck.de\/wp-content\/uploads\/2026\/09\/Gemini-KI-generiert_c-TBF-\u00b7-KKH-Weisser-Hautkrebs-5x-mehr-als-schwarzer_001.jpg\"><img loading=\"lazy\" decoding=\"async\" class=\"size-full wp-image-462360 aligncenter\" src=\"https:\/\/hier-luebeck.de\/wp-content\/uploads\/2026\/09\/Gemini-KI-generiert_c-TBF-\u00b7-KKH-Weisser-Hautkrebs-5x-mehr-als-schwarzer_001.jpg\" alt=\"\" width=\"550\" height=\"300\" srcset=\"https:\/\/hier-luebeck.de\/wp-content\/uploads\/2026\/09\/Gemini-KI-generiert_c-TBF-\u00b7-KKH-Weisser-Hautkrebs-5x-mehr-als-schwarzer_001.jpg 550w, https:\/\/hier-luebeck.de\/wp-content\/uploads\/2026\/09\/Gemini-KI-generiert_c-TBF-\u00b7-KKH-Weisser-Hautkrebs-5x-mehr-als-schwarzer_001-320x175.jpg 320w\" sizes=\"auto, (max-width: 550px) 100vw, 550px\" \/><\/a>Die Zahlen zeigen, dass beide Krebsarten \u00fcberdurchschnittlich h\u00e4ufig bei Menschen ab 55 Jahren auftreten. Beim wei\u00dfen Hautkrebs ist unter den KKH-Versicherten zudem ein Geschlechterunterschied erkennbar: Bei Frauen stieg die Zahl der Betroffenen mit plus 53 Prozent deutlich st\u00e4rker als bei M\u00e4nnern (plus 34 Prozent).<\/p>\n<p>Beim schwarzen Hautkrebs liegen Frauen und M\u00e4nner n\u00e4her beieinander (plus 30 bzw. plus 25 Prozent). Auch im Bundesl\u00e4ndervergleich zeigen sich deutliche Unterschiede: Beim schwarzen Hautkrebs verzeichnete Sachsen von 2014 bis 2024 mit rund 83 Prozent den st\u00e4rksten Zuwachs, gefolgt von Brandenburg (plus 50 Prozent) sowie Berlin und Bayern (beide plus rund 43 Prozent).<\/p>\n<p>Noch deutlicher f\u00e4llt der Anstieg beim wei\u00dfen Hautkrebs aus: In Sachsen hat sich die Zahl der Betroffenen in zehn Jahren verdoppelt, in Sachsen-Anhalt liegt das Plus bei 75 Prozent, in Th\u00fcringen bei rund 67 Prozent.<br \/>\nSonnenschutz als Routine<\/p>\n<p>\u201eUV-Strahlung sch\u00e4digt das Erbgut der Hautzellen. Der K\u00f6rper kann zwar viele dieser Sch\u00e4den reparieren, aber vor allem, wenn die Haut jahrelang immer wieder ungesch\u00fctzt der Sonne ausgesetzt ist und sich die Sch\u00e4den summieren, steigt das Risiko, an Krebs zu erkranken\u201c, erkl\u00e4rt Aurelia Tegtmeyer, \u00c4rztin bei der KKH. Sie r\u00e4t deshalb zu umfassenden Schutzma\u00dfnahmen:<\/p>\n<p>Direkte Sonneneinstrahlung und vor allem die Mittagssonne vermeiden, sich im Schatten aufhalten, lange, luftige Kleidung und Kopfbedeckung tragen sowie unbedeckte Hautstellen gro\u00dfz\u00fcgig mit Sonnenschutzmittel mit hohem Lichtschutzfaktor eincremen. Entscheidend ist dabei die richtige Menge: Eine erwachsene Person ben\u00f6tigt etwa vier geh\u00e4ufte Essl\u00f6ffel Sonnencreme f\u00fcr den gesamten K\u00f6rper. \u201eOft wird die Schutzwirkung von Sonnencremes aber \u00fcbersch\u00e4tzt.<\/p>\n<p>Deshalb ist die Vermeidung starker UV-Strahlung sowie der Schutz durch Kleidung besonders wichtig\u201c, erkl\u00e4rt die KKH-\u00c4rztin. Hinzu kommt: Vielen ist nicht bewusst, dass UV-Strahlung auch durch Wolken dringt. Bei bew\u00f6lktem Himmel ist die Haut also nicht automatisch gesch\u00fctzt. \u201eDeshalb sollte Sonnenschutz zur allt\u00e4glichen Routine werden \u2013 unabh\u00e4ngig davon, ob die Sonne gerade sichtbar scheint oder nicht\u201c, betont Aurelia Tegtmeyer.<\/p>\n<p><strong>Ver\u00e4nderungen ernst nehmen<\/strong><br \/>\nWichtig ist laut der \u00c4rztin au\u00dferdem die regelm\u00e4\u00dfige Selbstbeobachtung: Wer Ver\u00e4nderungen bei Gr\u00f6\u00dfe, Form oder Farbe eines Pigmentflecks bemerkt, sollte das zeitnah \u00e4rztlich abkl\u00e4ren lassen. Besonders wachsam sollten Menschen mit heller Haut und vielen Pigmentflecken sein.<\/p>\n<p>Auch eine famili\u00e4re Vorbelastung oder eine berufsbedingt hohe Sonneneinstrahlung durch Arbeit im Freien erh\u00f6hen das Risiko. Gesetzlich Versicherte ab 35 Jahren haben bisher Anspruch auf ein kostenloses Hautkrebs-Screening alle zwei Jahre. Um auch j\u00fcngeren Menschen die Vorsorgeuntersuchung zu erm\u00f6glichen, bezuschusst die KKH diese derzeit f\u00fcr 18- bis 34-J\u00e4hrige. Weitere Informationen unter kkh.de\/hautkrebsfrueherkennung.<\/p>\n","protected":false},"excerpt":{"rendered":"<p>Symbolfoto: Gemini KI generiert_(c) TBF \u00b7 KKH: wei\u00dfer Hautkrebs f\u00fcnfmal h\u00e4ufiger als schwarzer \/ Jeder Sonnenbrand kann das Risiko erh\u00f6hen.<\/p>\n","protected":false},"author":3,"featured_media":462361,"comment_status":"closed","ping_status":"closed","sticky":false,"template":"","format":"standard","meta":{"colormag_page_container_layout":"default_layout","colormag_page_sidebar_layout":"default_layout","footnotes":""},"categories":[6,25988,11,14],"tags":[28847],"class_list":["post-462354","post","type-post","status-publish","format-standard","has-post-thumbnail","hentry","category-bauen-wohnen","category-gesund-werden-und-bleiben","category-menschlich-gesehen","category-tipps-informationen","tag-wenn-die-sonne-zur-gefahr-wird-hautkrebs-nimmt-zu"],"_links":{"self":[{"href":"https:\/\/hier-luebeck.de\/index.php\/wp-json\/wp\/v2\/posts\/462354","targetHints":{"allow":["GET"]}}],"collection":[{"href":"https:\/\/hier-luebeck.de\/index.php\/wp-json\/wp\/v2\/posts"}],"about":[{"href":"https:\/\/hier-luebeck.de\/index.php\/wp-json\/wp\/v2\/types\/post"}],"author":[{"embeddable":true,"href":"https:\/\/hier-luebeck.de\/index.php\/wp-json\/wp\/v2\/users\/3"}],"replies":[{"embeddable":true,"href":"https:\/\/hier-luebeck.de\/index.php\/wp-json\/wp\/v2\/comments?post=462354"}],"version-history":[{"count":1,"href":"https:\/\/hier-luebeck.de\/index.php\/wp-json\/wp\/v2\/posts\/462354\/revisions"}],"predecessor-version":[{"id":462362,"href":"https:\/\/hier-luebeck.de\/index.php\/wp-json\/wp\/v2\/posts\/462354\/revisions\/462362"}],"wp:featuredmedia":[{"embeddable":true,"href":"https:\/\/hier-luebeck.de\/index.php\/wp-json\/wp\/v2\/media\/462361"}],"wp:attachment":[{"href":"https:\/\/hier-luebeck.de\/index.php\/wp-json\/wp\/v2\/media?parent=462354"}],"wp:term":[{"taxonomy":"category","embeddable":true,"href":"https:\/\/hier-luebeck.de\/index.php\/wp-json\/wp\/v2\/categories?post=462354"},{"taxonomy":"post_tag","embeddable":true,"href":"https:\/\/hier-luebeck.de\/index.php\/wp-json\/wp\/v2\/tags?post=462354"}],"curies":[{"name":"wp","href":"https:\/\/api.w.org\/{rel}","templated":true}]}}