{"id":462366,"date":"2026-09-02T18:34:32","date_gmt":"2026-09-02T16:34:32","guid":{"rendered":"https:\/\/hier-luebeck.de\/?p=462366"},"modified":"2026-09-02T18:34:32","modified_gmt":"2026-09-02T16:34:32","slug":"fw-lfvsh-die-feuerwehr-salami-ist-zurueck","status":"publish","type":"post","link":"https:\/\/hier-luebeck.de\/index.php\/fw-lfvsh-die-feuerwehr-salami-ist-zurueck\/","title":{"rendered":"FW-LFVSH: Die Feuerwehr-Salami ist zur\u00fcck"},"content":{"rendered":"<p><i><a class=\"story-city event-trigger\" title=\"News aus Kiel \" href=\"https:\/\/www.presseportal.de\/regional\/Kiel\" data-category=\"citylink-story-view\" data-action=\"click\" data-label=\"Citylink in Meldungsansicht\">Kiel<\/a> (ots)\u00a0<\/i>Seit dem 1. September 2026 ist die Feuerwehr-Salami wieder in den EDEKA- und MARKTKAUF-M\u00e4rkten des Absatzgebiets Nord* erh\u00e4ltlich. Mit der traditionsreichen Verkaufsaktion unterst\u00fctzt EDEKA Nordwest die Jugendfeuerwehren in Schleswig-Holstein, Hamburg, Mecklenburg-Vorpommern sowie in Niedersachsen und Brandenburg bereits zum zw\u00f6lften Mal. <!--more-->Pro verkaufter Packung flie\u00dft 1 Euro an den jeweiligen Landesfeuerwehrverband des Bundeslandes, in dem das Produkt erworben wurde. Die Verkaufsaktion l\u00e4uft bis Ende M\u00e4rz 2027.<\/p>\n<p>Als verkaufsst\u00e4rkstes Bundesland der letzten Verkaufsaktion stand Schleswig-Holstein zum Auftakt der Neuauflage im Mittelpunkt: Landtagspr\u00e4sidentin Kristina Herbst begleitete die Feuerwehr-Salami als Schirmherrin am 2. September bei EDEKA Sven Fiedler in Kiel mit einem symbolischen Anschnitt offiziell in den Verkauf.<\/p>\n<p>&#8222;Die Jugendfeuerwehren leisten einen wichtigen Beitrag f\u00fcr die Zukunft unserer Feuerwehren und zugleich f\u00fcr den gesellschaftlichen Zusammenhalt. Junge Menschen erfahren hier fr\u00fch, was Gemeinschaft, Verantwortung und ehrenamtliches Engagement bedeuten.<\/p>\n<p>Deshalb ist es wichtig, diese Arbeit sichtbar zu machen und gute Bedingungen f\u00fcr den Feuerwehrnachwuchs zu schaffen. Aktionen wie diese tragen dazu bei, Aufmerksamkeit und Unterst\u00fctzung f\u00fcr dieses wertvolle Engagement zu gewinnen. Und wenn es dann noch schmeckt, ist es doch wunderbar&#8220;, sagt Landtagspr\u00e4sidentin Kristina Herbst im Rahmen der Veranstaltung.<\/p>\n<p>Die Verkaufsaktion setzt ein langj\u00e4hriges Engagement im Norden fort: Von 2011 bis 2021 sammelte EDEKA mit dem Verkauf der Aktionswurst bereits Spenden f\u00fcr die Jugendfeuerwehren. Rund 568.000 Euro kamen auf diese Weise bis einschlie\u00dflich 2021 f\u00fcr die Landesfeuerwehrverb\u00e4nde zusammen. Nach einer mehrj\u00e4hrigen Pause kehrt die bekannte Feuerwehr-Salami nun zur\u00fcck und kn\u00fcpft an die erfolgreiche Initiative an.<\/p>\n<p>&#8222;Die Feuerwehr-Salami hat f\u00fcr viele Menschen im Norden l\u00e4ngst Tradition. Umso mehr freuen wir uns, diese besondere Aktion wieder in die M\u00e4rkte zu bringen. Gemeinsam mit unseren Kundinnen und Kunden m\u00f6chten wir die wichtige Arbeit der Jugendfeuerwehren unterst\u00fctzen und dabei helfen,das Ehrenamt sichtbar zu machen&#8220;, sagt Matthias Biermann, Gesch\u00e4ftsf\u00fchrer des NORDfrische Centers von EDEKA Nordwest, in dem die Feuerwehr-Salami produziert wird.<\/p>\n<p>Die Spendengelder flie\u00dfen in vielf\u00e4ltige Angebote der Feuerwehrverb\u00e4nde. Im Fokus stehen Ma\u00dfnahmen zur Nachwuchsgewinnung sowie zur Aus- und Weiterbildung junger Feuerwehrmitglieder &#8211; sie reichen von Fortbildungen \u00fcber die Bereitstellung von Lehr- und Ausbildungsmaterialien bis hin zur Ausrichtung von Veranstaltungen sowie Sommerfreizeiten.<\/p>\n<p>&#8222;Die Arbeit in den Jugendfeuerwehren und Kinderabteilungen lebt von Gemeinschaft, Verl\u00e4sslichkeit und attraktiven Angeboten f\u00fcr junge Menschen. Daf\u00fcr braucht es aber auch gut ausgebildete Betreuerinnen und Betreuer sowie Jugend- und Kindergruppenleitungen. Die Unterst\u00fctzung durch die Feuerwehr-Salami hilft uns dabei, nicht nur tolle Angebote f\u00fcr junge Menschen weiter auszubauen, sondern auch gute Aus- und Weiterbildungsangebote f\u00fcr die Ehrenamtlichen zu schaffen.<\/p>\n<p>Daf\u00fcr bedanken wir uns herzlich bei EDEKA Nordwest und allen Kundinnen und Kunden, die mit dem Kauf der Feuerwehr-Salami ihren Beitrag leisten&#8220;, erg\u00e4nzt Thorsten Weber, stv. Landesjugendfeuerwehrwart des Landesfeuerwehrverbands Schleswig-Holstein, bei EDEKA Sven Fiedler in Kiel.<\/p>\n<p>Kundinnen und Kunden der EDEKA- und MARKTKAUF-M\u00e4rkte im Absatzgebiet Nord* haben nun bis zum 31. M\u00e4rz 2026 die M\u00f6glichkeit, mit dem Kauf der Feuerwehr-Salami die Jugendfeuerwehren im Norden Deutschlands zu unterst\u00fctzen.<\/p>\n<p>*Schleswig-Holstein, Hamburg, Mecklenburg-Vorpommern sowie in n\u00f6rdlichen Teilen Niedersachsens und Brandenburgs.<\/p>\n","protected":false},"excerpt":{"rendered":"<p>Kiel (ots)\u00a0Seit dem 1. September 2026 ist die Feuerwehr-Salami wieder in den EDEKA- und MARKTKAUF-M\u00e4rkten des Absatzgebiets Nord* erh\u00e4ltlich. Mit<\/p>\n","protected":false},"author":3,"featured_media":462367,"comment_status":"closed","ping_status":"closed","sticky":false,"template":"","format":"standard","meta":{"colormag_page_container_layout":"default_layout","colormag_page_sidebar_layout":"default_layout","footnotes":""},"categories":[20,11,5,14],"tags":[28850],"class_list":["post-462366","post","type-post","status-publish","format-standard","has-post-thumbnail","hentry","category-besondere-neuigkeiten","category-menschlich-gesehen","category-politik-wirtschaft","category-tipps-informationen","tag-fw-lfvsh-die-feuerwehr-salami-ist-zurueck"],"_links":{"self":[{"href":"https:\/\/hier-luebeck.de\/index.php\/wp-json\/wp\/v2\/posts\/462366","targetHints":{"allow":["GET"]}}],"collection":[{"href":"https:\/\/hier-luebeck.de\/index.php\/wp-json\/wp\/v2\/posts"}],"about":[{"href":"https:\/\/hier-luebeck.de\/index.php\/wp-json\/wp\/v2\/types\/post"}],"author":[{"embeddable":true,"href":"https:\/\/hier-luebeck.de\/index.php\/wp-json\/wp\/v2\/users\/3"}],"replies":[{"embeddable":true,"href":"https:\/\/hier-luebeck.de\/index.php\/wp-json\/wp\/v2\/comments?post=462366"}],"version-history":[{"count":1,"href":"https:\/\/hier-luebeck.de\/index.php\/wp-json\/wp\/v2\/posts\/462366\/revisions"}],"predecessor-version":[{"id":462368,"href":"https:\/\/hier-luebeck.de\/index.php\/wp-json\/wp\/v2\/posts\/462366\/revisions\/462368"}],"wp:featuredmedia":[{"embeddable":true,"href":"https:\/\/hier-luebeck.de\/index.php\/wp-json\/wp\/v2\/media\/462367"}],"wp:attachment":[{"href":"https:\/\/hier-luebeck.de\/index.php\/wp-json\/wp\/v2\/media?parent=462366"}],"wp:term":[{"taxonomy":"category","embeddable":true,"href":"https:\/\/hier-luebeck.de\/index.php\/wp-json\/wp\/v2\/categories?post=462366"},{"taxonomy":"post_tag","embeddable":true,"href":"https:\/\/hier-luebeck.de\/index.php\/wp-json\/wp\/v2\/tags?post=462366"}],"curies":[{"name":"wp","href":"https:\/\/api.w.org\/{rel}","templated":true}]}}