{"id":462370,"date":"2026-09-02T18:44:47","date_gmt":"2026-09-02T16:44:47","guid":{"rendered":"https:\/\/hier-luebeck.de\/?p=462370"},"modified":"2026-09-02T18:44:47","modified_gmt":"2026-09-02T16:44:47","slug":"windenergie-braucht-klare-planung","status":"publish","type":"post","link":"https:\/\/hier-luebeck.de\/index.php\/windenergie-braucht-klare-planung\/","title":{"rendered":"Windenergie braucht klare Planung"},"content":{"rendered":"<ul>\n<li>Forderungen des BUND SH zum zweiten Entwurf der Regionalpl\u00e4ne Wind: verbindliche Steuerung und st\u00e4rkerer Schutz von Natur und Landschaft<\/li>\n<li>Bestehende Windenergiestandorte st\u00e4rker in die Vorranggebietskulisse einbeziehen<\/li>\n<li>Hinweise auf Konflikte mit Vogelzug, Biotopverbund, Moor- und Gew\u00e4sserschutz beachten<\/li>\n<\/ul>\n<p>Kiel. Der Bund f\u00fcr Umwelt und Naturschutz Deutschland, Landesverband Schleswig-Holstein e. V. (BUND SH) fordert die Landesregierung auf, beim weiteren Ausbau der Windenergie an einer klaren landesweiten Steuerung festzuhalten. In seiner Stellungnahme zu den zweiten Entw\u00fcrfen der Regionalpl\u00e4ne Windenergie begr\u00fc\u00dft der Umweltverband grunds\u00e4tzlich die Ausweisung geeigneter Vorrangfl\u00e4chen, warnt aber vor einem ungesteuerten Ausbau au\u00dferhalb dieser Gebiete.<!--more-->Mit den aktuell vorgesehenen Vorrangfl\u00e4chen von \u00fcber 35.000 Hektar beziehungsweise gut 2,2 Prozent der Landesfl\u00e4che, Rotor-out bemessen, w\u00fcrde das bundesgesetzlich vorgegebene Fl\u00e4chenziel von zwei Prozent erreicht. Eine gesetzliche Notwendigkeit f\u00fcr zus\u00e4tzliche Windenergieanlagen au\u00dferhalb dieser Vorranggebiete \u2013 etwa \u00fcber die Gemeinde\u00f6ffnungsklausel oder Genehmigungsverfahren nach dem Bundes-Immissionsschutzgesetz \u2013 besteht somit nicht. Aus Sicht des BUND muss deshalb jetzt vor allem sichergestellt werden, dass besonders sensible Natur- und Landschaftsr\u00e4ume von Windenergieanlagen freigehalten werden und die Regionalplanung ihre steuernde Funktion beh\u00e4lt.<\/p>\n<p>\u201eWindenergie braucht Fl\u00e4che \u2013 aber nicht jede Fl\u00e4che eignet sich f\u00fcr Windenergie. Genau daf\u00fcr gibt es die Regionalplanung\u201c, erkl\u00e4rt Carl-Heinz Christiansen, Sprecher des Landesarbeitskreises Energiewende beim BUND SH.<\/p>\n<p>Der BUND fordert au\u00dferdem, bestehende Windenergiestandorte st\u00e4rker in die Vorranggebietskulisse einzubeziehen. Dort sind Anlagen, Wege, Kabel und weitere Infrastruktur bereits vorhanden. Dies k\u00f6nne dazu beitragen, den Ausbau fl\u00e4chensparender zu gestalten und zus\u00e4tzliche Eingriffe in bislang unbelastete Landschaftsr\u00e4ume zu vermeiden.<\/p>\n<p>In seiner Stellungnahme benennt der BUND eine Reihe von Vorrangfl\u00e4chen, bei denen aus Sicht des Verbandes erhebliche Konflikte mit Vogelzug, Biotopverbund, Moor- und Gew\u00e4sserschutz oder anderen Naturschutzbelangen bestehen. An anderen Stellen begr\u00fc\u00dft der BUND SH aber ausdr\u00fccklich, dass besonders konflikttr\u00e4chtige Fl\u00e4chen gegen\u00fcber dem ersten Entwurf gestrichen wurden. \u201eKlimaschutz und Naturschutz m\u00fcssen zusammengehen. Gute Planung macht beides m\u00f6glich\u201c, so Christiansen.<\/p>\n<p>Der BUND Schleswig-Holstein fordert die Landesregierung auf, die Hinweise aus dem Beteiligungsverfahren ernsthaft zu pr\u00fcfen und die Regionalpl\u00e4ne z\u00fcgig zu einer verl\u00e4sslichen Grundlage f\u00fcr den weiteren Windenergieausbau zu machen.<\/p>\n<p>Hier finden Sie die Stellungnahme des BUND SH zum zweiten Entwurf der Regionalpl\u00e4ne Windenergie:<\/p>\n<p><a href=\"http:\/\/bund-sh.de\/2regplaene-wind\">bund-sh.de\/2regplaene-wind<\/a><\/p>\n<p><strong>Hintergrund Rotor-in\/ Rotor-out:<\/strong><\/p>\n<p>F\u00fcr die Berechnung der Windpark-Fl\u00e4che gibt es zwei M\u00f6glichkeiten: \u201eRotor-out\u201c ber\u00fccksichtigt nur den Windenergieanlagen-Turm, \u201eRotor-in\u201c auch die Fl\u00e4che der Rotorbl\u00e4tter. Bei der bundesweiten Vorgabe von 2 Prozent Windpark-Fl\u00e4che pro Bundesland wird die Rotor-out-Methode angewendet. 2 Prozent Rotor-out entsprechen 3,3% nach der Rotor-in-Berechnung.<\/p>\n","protected":false},"excerpt":{"rendered":"<p>Forderungen des BUND SH zum zweiten Entwurf der Regionalpl\u00e4ne Wind: verbindliche Steuerung und st\u00e4rkerer Schutz von Natur und Landschaft Bestehende<\/p>\n","protected":false},"author":4994,"featured_media":445626,"comment_status":"open","ping_status":"closed","sticky":false,"template":"","format":"standard","meta":{"colormag_page_container_layout":"default_layout","colormag_page_sidebar_layout":"default_layout","footnotes":""},"categories":[5],"tags":[28851],"class_list":["post-462370","post","type-post","status-publish","format-standard","has-post-thumbnail","hentry","category-politik-wirtschaft","tag-windenergie-braucht-klare-planung"],"_links":{"self":[{"href":"https:\/\/hier-luebeck.de\/index.php\/wp-json\/wp\/v2\/posts\/462370","targetHints":{"allow":["GET"]}}],"collection":[{"href":"https:\/\/hier-luebeck.de\/index.php\/wp-json\/wp\/v2\/posts"}],"about":[{"href":"https:\/\/hier-luebeck.de\/index.php\/wp-json\/wp\/v2\/types\/post"}],"author":[{"embeddable":true,"href":"https:\/\/hier-luebeck.de\/index.php\/wp-json\/wp\/v2\/users\/4994"}],"replies":[{"embeddable":true,"href":"https:\/\/hier-luebeck.de\/index.php\/wp-json\/wp\/v2\/comments?post=462370"}],"version-history":[{"count":1,"href":"https:\/\/hier-luebeck.de\/index.php\/wp-json\/wp\/v2\/posts\/462370\/revisions"}],"predecessor-version":[{"id":462371,"href":"https:\/\/hier-luebeck.de\/index.php\/wp-json\/wp\/v2\/posts\/462370\/revisions\/462371"}],"wp:featuredmedia":[{"embeddable":true,"href":"https:\/\/hier-luebeck.de\/index.php\/wp-json\/wp\/v2\/media\/445626"}],"wp:attachment":[{"href":"https:\/\/hier-luebeck.de\/index.php\/wp-json\/wp\/v2\/media?parent=462370"}],"wp:term":[{"taxonomy":"category","embeddable":true,"href":"https:\/\/hier-luebeck.de\/index.php\/wp-json\/wp\/v2\/categories?post=462370"},{"taxonomy":"post_tag","embeddable":true,"href":"https:\/\/hier-luebeck.de\/index.php\/wp-json\/wp\/v2\/tags?post=462370"}],"curies":[{"name":"wp","href":"https:\/\/api.w.org\/{rel}","templated":true}]}}