{"id":462372,"date":"2026-09-02T18:49:00","date_gmt":"2026-09-02T16:49:00","guid":{"rendered":"https:\/\/hier-luebeck.de\/?p=462372"},"modified":"2026-09-03T07:42:44","modified_gmt":"2026-09-03T05:42:44","slug":"therapie-fuer-die-zukunft-medac-als-top-ausbildungsbetrieb-ausgezeichnet","status":"publish","type":"post","link":"https:\/\/hier-luebeck.de\/index.php\/therapie-fuer-die-zukunft-medac-als-top-ausbildungsbetrieb-ausgezeichnet\/","title":{"rendered":"Therapie f\u00fcr die Zukunft: medac als TOP-Ausbildungsbetrieb ausgezeichnet"},"content":{"rendered":"<p>Foto: IHK\/Tom K\u00f6rber \u00b7 Die Industrie- und Handelskammer (IHK) zu Kiel hat das Pharmaunternehmen medac in Wedel als TOP-Ausbildungsbetrieb 2026 ausgezeichnet. Die IHK w\u00fcrdigt damit das hohe Engagement des international t\u00e4tigen Spezialisten f\u00fcr Arzneimittel bei der F\u00f6rderung von Nachwuchskr\u00e4ften.<!--more-->\u201eTOP-Ausbildungsbetriebe wie medac zeigen eindrucksvoll, wie moderne Ausbildung mit Herz, Struktur und Perspektive gelingt\u201c, betonte Kristin R\u00f6schmann, Vizepr\u00e4sidentin der IHK zu Kiel, bei der feierlichen \u00dcbergabe von Urkunde und Pokal. In der pharmazeutischen Industrie, wo die Entwicklung und Verbesserung von Arzneimitteln in Bereichen wie Onkologie und Rheumatologie h\u00f6chste Sorgfalt erfordert, setzt medac von Anfang an auf echte Verantwortung und eine starke Teamkultur.<\/p>\n<p>Was medac auszeichnet, ist ein ganzheitliches Ausbildungskonzept, das fachliche Exzellenz mit pers\u00f6nlicher Wertsch\u00e4tzung verbindet. \u201eBei medac wird nicht nur Fachwissen vermittelt \u2013 hier bekommen junge Menschen echtes Vertrauen geschenkt, um an ihren Aufgaben zu wachsen und Verantwortung f\u00fcr eigene Projekte zu \u00fcbernehmen. Das ist gelebte Verantwortung und ein starkes Signal f\u00fcr die Zukunft\u201c, so R\u00f6schmann weiter.<\/p>\n<p><strong>Die Ausbildung bei medac bedeutet:<\/strong><\/p>\n<ul>\n<li><strong>Strukturierter Einstand:<\/strong> Das Berufsleben startet mit einer umfassenden Onboardingwoche f\u00fcr alle neuen Auszubildenden und dual Studierenden inklusive Betriebsf\u00fchrungen, Fachvortr\u00e4gen und einem integrierten Mentoringprogramm.<\/li>\n<li><strong>Echte Verantwortung von Beginn an:<\/strong> Azubis arbeiten aktiv in den t\u00e4glichen Abl\u00e4ufen mit und \u00fcbernehmen eigenverantwortlich eigenst\u00e4ndige Projekte wie beispielsweise die Organisation des \u201eBoys\u2019 &amp; Girls\u2019 Day\u201c.<\/li>\n<li><strong>Hauseigene Weiterbildung:<\/strong> \u00dcber die eigene \u201emedac Akademie\u201c erhalten die Nachwuchskr\u00e4fte Schulungen f\u00fcr \u00fcberfachliche Themen sowie spezielle Vorbereitungskurse f\u00fcr die Abschlusspr\u00fcfungen (Teil 1 und 2).<\/li>\n<li><strong>Individuelle Begleitung:<\/strong> Ein enges Netz aus Ausbildern und festen Ansprechpartnern sichert die pers\u00f6nliche Entfaltung; schrittweise Feedbackgespr\u00e4che begleiten sowohl die fachliche als auch die pers\u00f6nliche Entwicklung.<\/li>\n<li><strong>Starkes Gemeinschaftsgef\u00fchl:<\/strong> Durch abteilungs\u00fcbergreifende Zusammenarbeit, Workshops im Stuzubi-Team und gemeinsame Azubi-Events entsteht ein famili\u00e4res Netzwerk im gesamten Unternehmen.<\/li>\n<li><strong>Zielgerichtetes Recruiting:<\/strong> Auf Sch\u00fclermessen nutzt medac Kurz-Interviews und gezielte Nachfassaktionen, um jungen Talenten auf Augenh\u00f6he zu begegnen.<\/li>\n<\/ul>\n<p>Das 1970 gegr\u00fcndete Unternehmen besch\u00e4ftigt weltweit mehr als 2.000 Mitarbeitende. Am Hauptsitz in Wedel werden aktuell acht Auszubildende und sechs dual Studierende in kaufm\u00e4nnischen und IT-Berufen (u. a. Industriekaufleute, BWL und Wirtschaftsinformatik) auf ihr Berufsleben vorbereitet \u2013 mit besten Aussichten, wie zahlreiche Karrierewege im Betrieb zeigen.<\/p>\n<p><strong>Stimmen aus der Ausbildung:<\/strong><\/p>\n<p><strong>Neele Biesterfeldt, frischgebackene Industriekauffrau:<\/strong><\/p>\n<p>\u201eMeine Ausbildung bei medac hat mir nicht nur fachlich viel gebracht, sondern auch mein Selbstvertrauen gest\u00e4rkt. Durch eigene Projekte konnte ich Verantwortung \u00fcbernehmen. Gleichzeitig entsteht durch die enge Zusammenarbeit ein tolles Gemeinschaftsgef\u00fchl.\u201c<\/p>\n<p><strong>Franziska Holtz, Auszubildende zur Industriekauffrau (2. Lehrjahr):<\/strong><\/p>\n<p>\u201eSchon fr\u00fch habe ich die M\u00f6glichkeit, eigene Aufgaben selbstst\u00e4ndig zu bearbeiten. Gleichzeitig wei\u00df ich, dass ich jederzeit Unterst\u00fctzung bekomme, wenn ich sie brauche. Das mir entgegengebrachte Vertrauen motiviert mich sehr.\u201c<\/p>\n<p><strong>Julian Reinecke, ehemaliger Azubi und heutiger Launch Manager in der Hematology:<\/strong><\/p>\n<p>\u201eBereits in der Ausbildung Verantwortung f\u00fcr Projekte zu \u00fcbernehmen, hat mich sehr motiviert. Die Zusammenarbeit mit den Kolleginnen und Kollegen aus allen Bereichen ist besonders bereichernd und man merkt, dass man als Teil des Teams wirklich wertgesch\u00e4tzt wird.\u201c<\/p>\n<p><strong>Die Auszeichnung<\/strong><\/p>\n<p>Das Pr\u00e4dikat TOP-Ausbildungsbetrieb verleiht die IHK zu Kiel j\u00e4hrlich an bis zu sechs Ausbildungsbetriebe im IHK-Bezirk. Aus den Vorschl\u00e4gen der Ausbildungsberatenden w\u00e4hlt das ehrenamtliche IHK-Pr\u00e4sidium Unternehmen mithilfe von quantitativen und qualitativen Kriterien aus. Hier flie\u00dfen Aspekte wie die Qualit\u00e4t der Ausbildung, die F\u00f6rderung von schw\u00e4cheren Jugendlichen, Ausbildungsr\u00e4umlichkeiten und die F\u00f6rderung besonders begabter Auszubildender in die Entscheidungsfindung ein<\/p>\n","protected":false},"excerpt":{"rendered":"<p>Foto: IHK\/Tom K\u00f6rber \u00b7 Die Industrie- und Handelskammer (IHK) zu Kiel hat das Pharmaunternehmen medac in Wedel als TOP-Ausbildungsbetrieb 2026<\/p>\n","protected":false},"author":4994,"featured_media":462373,"comment_status":"closed","ping_status":"closed","sticky":false,"template":"","format":"standard","meta":{"colormag_page_container_layout":"default_layout","colormag_page_sidebar_layout":"default_layout","footnotes":""},"categories":[5],"tags":[28852],"class_list":["post-462372","post","type-post","status-publish","format-standard","has-post-thumbnail","hentry","category-politik-wirtschaft","tag-therapie-fuer-die-zukunft-medac-als-top-ausbildungsbetrieb-ausgezeichnet"],"_links":{"self":[{"href":"https:\/\/hier-luebeck.de\/index.php\/wp-json\/wp\/v2\/posts\/462372","targetHints":{"allow":["GET"]}}],"collection":[{"href":"https:\/\/hier-luebeck.de\/index.php\/wp-json\/wp\/v2\/posts"}],"about":[{"href":"https:\/\/hier-luebeck.de\/index.php\/wp-json\/wp\/v2\/types\/post"}],"author":[{"embeddable":true,"href":"https:\/\/hier-luebeck.de\/index.php\/wp-json\/wp\/v2\/users\/4994"}],"replies":[{"embeddable":true,"href":"https:\/\/hier-luebeck.de\/index.php\/wp-json\/wp\/v2\/comments?post=462372"}],"version-history":[{"count":2,"href":"https:\/\/hier-luebeck.de\/index.php\/wp-json\/wp\/v2\/posts\/462372\/revisions"}],"predecessor-version":[{"id":462378,"href":"https:\/\/hier-luebeck.de\/index.php\/wp-json\/wp\/v2\/posts\/462372\/revisions\/462378"}],"wp:featuredmedia":[{"embeddable":true,"href":"https:\/\/hier-luebeck.de\/index.php\/wp-json\/wp\/v2\/media\/462373"}],"wp:attachment":[{"href":"https:\/\/hier-luebeck.de\/index.php\/wp-json\/wp\/v2\/media?parent=462372"}],"wp:term":[{"taxonomy":"category","embeddable":true,"href":"https:\/\/hier-luebeck.de\/index.php\/wp-json\/wp\/v2\/categories?post=462372"},{"taxonomy":"post_tag","embeddable":true,"href":"https:\/\/hier-luebeck.de\/index.php\/wp-json\/wp\/v2\/tags?post=462372"}],"curies":[{"name":"wp","href":"https:\/\/api.w.org\/{rel}","templated":true}]}}