{"id":462390,"date":"2026-09-03T15:38:34","date_gmt":"2026-09-03T13:38:34","guid":{"rendered":"https:\/\/hier-luebeck.de\/index.php\/pol-se-20260903-1-elmshorn-folgemeldung-lieferfahrer-greift-passanten-an-zeugen-gesucht\/"},"modified":"2026-09-03T15:38:34","modified_gmt":"2026-09-03T13:38:34","slug":"pol-se-20260903-1-elmshorn-folgemeldung-lieferfahrer-greift-passanten-an-zeugen-gesucht","status":"publish","type":"post","link":"https:\/\/hier-luebeck.de\/index.php\/pol-se-20260903-1-elmshorn-folgemeldung-lieferfahrer-greift-passanten-an-zeugen-gesucht\/","title":{"rendered":"POL-SE: 20260903.1 &#8211; Elmshorn: Folgemeldung: Lieferfahrer greift Passanten an &#8211; Zeugen gesucht"},"content":{"rendered":"<p>Elmshorn (ots) &#8211; <\/p>\n<p>Am sp\u00e4ten Samstagabend (22.08.2026) sollen am Steindammpark in Elmshorn zwei Passanten von einem Radfahrer angegriffen worden sein. Anschlie\u00dfend fl\u00fcchtete der Radfahrer mit seinem Lieferfahrrad. Nach dem ver\u00f6ffentlichten Zeugenaufruf gingen Hinweise auf die radfahrende Person ein. Diese konnte nun im Rahmen eines anderen Einsatzes durch Beamte der Bundespolizeiinspektion Flensburg am Bahnhof in Elmshorn angetroffen und kontrolliert werden.<\/p>\n<p><!--more--><\/p>\n<p>Am vergangenen Samstagabend (29.08.2026) befanden sich gegen 20:12 Uhr Beamte der Bundespolizeiinspektion Flensburg wegen eines Einsatzes am Bahnhof in Elmshorn. In diesem Zuge fiel ihnen eine Person mit einem pinkfarbenen Lastenrad auf. Den Bundespolizisten war der Zeugenaufruf bekannt. Weil die Person und das Fahrrad der damaligen Beschreibung entsprachen, entschlossen sie sich zu einer Kontrolle.<br \/>\nDabei stellten sie auch die Personalien der Person fest. Demnach handele es sich um eine 41-j\u00e4hrige Frau aus Elmshorn mit deutscher Staatsangeh\u00f6rigkeit. Die Frau r\u00e4umte eine Beteiligung an der damaligen Situation ein und schilderte den Hergang aus ihrer Sicht. Hieraus ergaben sich Hinweise auf eine m\u00f6gliche Beleidigung und K\u00f6rperverletzung gegen die 41-J\u00e4hrige, ausgehend von den 62- und 72-j\u00e4hrigen Spazierg\u00e4ngern.<br \/>\nDas Sachgebiet 1 der Kriminalpolizeistelle Elmshorn ermittelt weiter in diesem Fall.<br \/>\nR\u00fcckfragen bitte an:<\/p>\n<p>Polizeidirektion Bad Segeberg<br \/>\n&#8211; Pressestelle &#8211;<br \/>\nDorfstr. 16-18<br \/>\n23795 Bad Segeberg<\/p>\n<p>Maik Seidel &#8211; Pressesprecher<br \/>\nTelefon: 04551 \/ 884-2020<br \/>\nE-Mail: oea.badsegeberg.pd@polizei.landsh.de<\/p>\n<p>Original-Content von: Polizeidirektion Bad Segeberg, \u00fcbermittelt durch news aktuell<\/p>\n<p>Dieser Beitrag wurde automatisch von Presseportal.de zur Verf\u00fcgung gestellt: https:\/\/www.presseportal.de\/blaulicht\/pm\/19027\/6345261<\/p>\n","protected":false},"excerpt":{"rendered":"<p>Elmshorn (ots) &#8211; Am sp\u00e4ten Samstagabend (22.08.2026) sollen am Steindammpark in Elmshorn zwei Passanten von einem Radfahrer angegriffen worden sein.<\/p>\n","protected":false},"author":0,"featured_media":0,"comment_status":"open","ping_status":"open","sticky":false,"template":"","format":"standard","meta":{"colormag_page_container_layout":"default_layout","colormag_page_sidebar_layout":"default_layout","footnotes":""},"categories":[1527],"tags":[],"class_list":["post-462390","post","type-post","status-publish","format-standard","hentry","category-blaulicht"],"_links":{"self":[{"href":"https:\/\/hier-luebeck.de\/index.php\/wp-json\/wp\/v2\/posts\/462390","targetHints":{"allow":["GET"]}}],"collection":[{"href":"https:\/\/hier-luebeck.de\/index.php\/wp-json\/wp\/v2\/posts"}],"about":[{"href":"https:\/\/hier-luebeck.de\/index.php\/wp-json\/wp\/v2\/types\/post"}],"replies":[{"embeddable":true,"href":"https:\/\/hier-luebeck.de\/index.php\/wp-json\/wp\/v2\/comments?post=462390"}],"version-history":[{"count":0,"href":"https:\/\/hier-luebeck.de\/index.php\/wp-json\/wp\/v2\/posts\/462390\/revisions"}],"wp:attachment":[{"href":"https:\/\/hier-luebeck.de\/index.php\/wp-json\/wp\/v2\/media?parent=462390"}],"wp:term":[{"taxonomy":"category","embeddable":true,"href":"https:\/\/hier-luebeck.de\/index.php\/wp-json\/wp\/v2\/categories?post=462390"},{"taxonomy":"post_tag","embeddable":true,"href":"https:\/\/hier-luebeck.de\/index.php\/wp-json\/wp\/v2\/tags?post=462390"}],"curies":[{"name":"wp","href":"https:\/\/api.w.org\/{rel}","templated":true}]}}