{"id":462391,"date":"2026-09-03T14:37:02","date_gmt":"2026-09-03T12:37:02","guid":{"rendered":"https:\/\/hier-luebeck.de\/index.php\/pol-rz-absperrung-wird-ignoriert\/"},"modified":"2026-09-03T14:37:02","modified_gmt":"2026-09-03T12:37:02","slug":"pol-rz-absperrung-wird-ignoriert","status":"publish","type":"post","link":"https:\/\/hier-luebeck.de\/index.php\/pol-rz-absperrung-wird-ignoriert\/","title":{"rendered":"POL-RZ: Absperrung wird ignoriert"},"content":{"rendered":"<p>Ratzeburg (ots) &#8211; <\/p>\n<p>03.09.2026 | Kreis Stormarn  | 25.-30.08.2026 &#8211; Grabau<\/p>\n<p>Der Einm\u00fcndungsbereich der Graubauer Stra\u00dfe zur L 226  in Fahrtrichtung zur A21 bei Bad Oldesloe ist aufgrund von Bauarbeiten seit dem 15.06.2026 vollgesperrt. Eine Umleitungsstrecke ist gro\u00dfr\u00e4umig ausgeschildert. Unmittelbar vor dem eigentlich gesperrten Bereich befindet sich linksseitig ein Wirtschaftsweg, welcher parallel zur L226 verl\u00e4uft und direkt zum Auffahrtsbereich der A21 f\u00fchrt. Dieser Wirtschaftsweg ist aufgrund seiner Beschaffenheit nicht f\u00fcr den Durchgangsverkehr geeignet.<\/p>\n<p><!--more--><\/p>\n<p>Damit er w\u00e4hrend der Bauarbeiten nicht als &#8222;inoffzielle&#8220; Abk\u00fcrzung genutzt wird, ist auch hier eine Absperrung eingerichtet worden.<br \/>\nDoch das st\u00f6rt so manchen: Immer wieder sollen Absperrungen beiseite ger\u00e4umt  und\/oder auch das Verkehrszeichen 250 (Verbot der Einfahrt) entwendet worden sein.<br \/>\nAllein im Zeitraum vom 25.08. &#8211; 30.08.2026 haben Beamte des zust\u00e4ndigen Polizeireviers in Bad Oldesloe \u00fcber 41 verbotswidrig fahrende Autos auf diesem Wirtschaftsweg gestoppt. Viele der erwischten Fahrerinnen und Fahrer gaben teils sehr fantasievolle Gr\u00fcnde f\u00fcr die verbotene Durchfahrt an. Die Verst\u00f6\u00dfe wurden dennoch mit einem Verwarngeld von 55 Euro geahndet.<br \/>\nDie Polizei beh\u00e4lt auch weiterhin die Einhaltung der Absperrma\u00dfnahmen im Auge.<br \/>\nR\u00fcckfragen bitte an:<\/p>\n<p>Polizeidirektion Ratzeburg<br \/>\n&#8211; Stabsstelle \/ Presse &#8211;<br \/>\nSandra Kilian<br \/>\nTelefon: 04541\/809-2011<br \/>\nE-Mail: Presse.Ratzeburg.PD@polizei.landsh.de<\/p>\n<p>Original-Content von: Polizeidirektion Ratzeburg, \u00fcbermittelt durch news aktuell<\/p>\n<p>Dieser Beitrag wurde automatisch von Presseportal.de zur Verf\u00fcgung gestellt: https:\/\/www.presseportal.de\/blaulicht\/pm\/43735\/6345195<\/p>\n","protected":false},"excerpt":{"rendered":"<p>Ratzeburg (ots) &#8211; 03.09.2026 | Kreis Stormarn | 25.-30.08.2026 &#8211; Grabau Der Einm\u00fcndungsbereich der Graubauer Stra\u00dfe zur L 226 in<\/p>\n","protected":false},"author":0,"featured_media":0,"comment_status":"open","ping_status":"open","sticky":false,"template":"","format":"standard","meta":{"colormag_page_container_layout":"default_layout","colormag_page_sidebar_layout":"default_layout","footnotes":""},"categories":[1527],"tags":[],"class_list":["post-462391","post","type-post","status-publish","format-standard","hentry","category-blaulicht"],"_links":{"self":[{"href":"https:\/\/hier-luebeck.de\/index.php\/wp-json\/wp\/v2\/posts\/462391","targetHints":{"allow":["GET"]}}],"collection":[{"href":"https:\/\/hier-luebeck.de\/index.php\/wp-json\/wp\/v2\/posts"}],"about":[{"href":"https:\/\/hier-luebeck.de\/index.php\/wp-json\/wp\/v2\/types\/post"}],"replies":[{"embeddable":true,"href":"https:\/\/hier-luebeck.de\/index.php\/wp-json\/wp\/v2\/comments?post=462391"}],"version-history":[{"count":0,"href":"https:\/\/hier-luebeck.de\/index.php\/wp-json\/wp\/v2\/posts\/462391\/revisions"}],"wp:attachment":[{"href":"https:\/\/hier-luebeck.de\/index.php\/wp-json\/wp\/v2\/media?parent=462391"}],"wp:term":[{"taxonomy":"category","embeddable":true,"href":"https:\/\/hier-luebeck.de\/index.php\/wp-json\/wp\/v2\/categories?post=462391"},{"taxonomy":"post_tag","embeddable":true,"href":"https:\/\/hier-luebeck.de\/index.php\/wp-json\/wp\/v2\/tags?post=462391"}],"curies":[{"name":"wp","href":"https:\/\/api.w.org\/{rel}","templated":true}]}}