{"id":462392,"date":"2026-09-03T13:56:10","date_gmt":"2026-09-03T11:56:10","guid":{"rendered":"https:\/\/hier-luebeck.de\/index.php\/pol-hl-oh-grossenbrode-gefaehrliches-ueberholmanoever-zwischen-fehmarn-und-heiligenhafen\/"},"modified":"2026-09-03T13:56:10","modified_gmt":"2026-09-03T11:56:10","slug":"pol-hl-oh-grossenbrode-gefaehrliches-ueberholmanoever-zwischen-fehmarn-und-heiligenhafen","status":"publish","type":"post","link":"https:\/\/hier-luebeck.de\/index.php\/pol-hl-oh-grossenbrode-gefaehrliches-ueberholmanoever-zwischen-fehmarn-und-heiligenhafen\/","title":{"rendered":"POL-HL: OH &#8211; Gro\u00dfenbrode \/ Gef\u00e4hrliches \u00dcberholman\u00f6ver zwischen Fehmarn und Heiligenhafen"},"content":{"rendered":"<p>L\u00fcbeck (ots) &#8211; <\/p>\n<p>Am Freitagvormittag (28.08.2026) kam es auf der Bundesstra\u00dfe 207 bei Gro\u00dfenbrode zu einer gef\u00e4hrlichen Situation nach einem \u00dcberholman\u00f6ver. Die Polizei hat die Ermittlungen wegen des Verdachts der N\u00f6tigung sowie der Gef\u00e4hrdung des Stra\u00dfenverkehrs aufgenommen und sucht Zeugen des Vorfalls.<br \/>\nGegen 10:45 Uhr befuhr ein 33-j\u00e4hriger Fahrer mit seinem Mercedes die Bundesstra\u00dfe 207 von Fehmarn kommend ich Richtung L\u00fcbeck. Zwischen der Fehmarnsundbr\u00fccke und der Abfahrt Gro\u00dfenbrode sei er aktuellen Erkenntnissen zufolge von einem Taxi \u00fcberholt worden, das zuvor weitere, hinter ihm fahrende Fahrzeuge \u00fcberholt hatte.<\/p>\n<p><!--more--><\/p>\n<p>Aufgrund eines entgegenkommenden Fahrzeugs sei der Taxifahrer mit seinem VW Touran unmittelbar vor dem 33-J\u00e4hrigen eingeschert, sodass dieser eine Gefahrenbremsung habe durchf\u00fchren m\u00fcssen. Durch die pl\u00f6tzliche Bremsung sei auch der nachfolgende Verkehr ins Stocken geraten.<br \/>\nDie Polizei hat die Ermittlungen wegen des Verdachts der N\u00f6tigung sowie der Gef\u00e4hrdung des Stra\u00dfenverkehrs aufgenommen. Die Ermittler suchen Personen, die den Vorfall bezeugen k\u00f6nnen oder sonst Hinweise zum Sachverhalt oder dem Tatverd\u00e4chtigen geben k\u00f6nnen. Hinweise werden telefonisch unter 04367 310 oder per E-Mail unter grossenbrode.pst@polizei.landsh.de entgegengenommen.<br \/>\nR\u00fcckfragen bitte an:<\/p>\n<p>Polizeidirektion L\u00fcbeck<br \/>\nStabsstelle \/ \u00d6ffentlichkeitsarbeit<br \/>\nAnna Julia Meyer<br \/>\nTelefon: 0451 \/ 131 &#8211; 2015<br \/>\nFax: 0451 \/ 131 &#8211; 2019<br \/>\nE-Mail: Pressestelle.luebeck.pd@polizei.landsh.de<\/p>\n<p>Original-Content von: Polizeidirektion L\u00fcbeck, \u00fcbermittelt durch news aktuell<\/p>\n<p>Dieser Beitrag wurde automatisch von Presseportal.de zur Verf\u00fcgung gestellt: https:\/\/www.presseportal.de\/blaulicht\/pm\/43738\/6345136<\/p>\n","protected":false},"excerpt":{"rendered":"<p>L\u00fcbeck (ots) &#8211; Am Freitagvormittag (28.08.2026) kam es auf der Bundesstra\u00dfe 207 bei Gro\u00dfenbrode zu einer gef\u00e4hrlichen Situation nach einem<\/p>\n","protected":false},"author":0,"featured_media":0,"comment_status":"open","ping_status":"open","sticky":false,"template":"","format":"standard","meta":{"colormag_page_container_layout":"default_layout","colormag_page_sidebar_layout":"default_layout","footnotes":""},"categories":[1527],"tags":[],"class_list":["post-462392","post","type-post","status-publish","format-standard","hentry","category-blaulicht"],"_links":{"self":[{"href":"https:\/\/hier-luebeck.de\/index.php\/wp-json\/wp\/v2\/posts\/462392","targetHints":{"allow":["GET"]}}],"collection":[{"href":"https:\/\/hier-luebeck.de\/index.php\/wp-json\/wp\/v2\/posts"}],"about":[{"href":"https:\/\/hier-luebeck.de\/index.php\/wp-json\/wp\/v2\/types\/post"}],"replies":[{"embeddable":true,"href":"https:\/\/hier-luebeck.de\/index.php\/wp-json\/wp\/v2\/comments?post=462392"}],"version-history":[{"count":0,"href":"https:\/\/hier-luebeck.de\/index.php\/wp-json\/wp\/v2\/posts\/462392\/revisions"}],"wp:attachment":[{"href":"https:\/\/hier-luebeck.de\/index.php\/wp-json\/wp\/v2\/media?parent=462392"}],"wp:term":[{"taxonomy":"category","embeddable":true,"href":"https:\/\/hier-luebeck.de\/index.php\/wp-json\/wp\/v2\/categories?post=462392"},{"taxonomy":"post_tag","embeddable":true,"href":"https:\/\/hier-luebeck.de\/index.php\/wp-json\/wp\/v2\/tags?post=462392"}],"curies":[{"name":"wp","href":"https:\/\/api.w.org\/{rel}","templated":true}]}}