{"id":462393,"date":"2026-09-03T12:52:24","date_gmt":"2026-09-03T10:52:24","guid":{"rendered":"https:\/\/hier-luebeck.de\/index.php\/pol-hl-luebeck-st-juergen-fahrerin-eines-e-rollers-verletzt-polizei-sucht-zeugen\/"},"modified":"2026-09-03T12:52:24","modified_gmt":"2026-09-03T10:52:24","slug":"pol-hl-luebeck-st-juergen-fahrerin-eines-e-rollers-verletzt-polizei-sucht-zeugen","status":"publish","type":"post","link":"https:\/\/hier-luebeck.de\/index.php\/pol-hl-luebeck-st-juergen-fahrerin-eines-e-rollers-verletzt-polizei-sucht-zeugen\/","title":{"rendered":"POL-HL: L\u00fcbeck\/St. J\u00fcrgen Fahrerin eines E-Rollers verletzt &#8211; Polizei sucht Zeugen"},"content":{"rendered":"<p>L\u00fcbeck (ots) &#8211; <\/p>\n<p>Am 26.08.2026 (Mittwoch) st\u00fcrzte in der Kronsforder Allee die Fahrerin eines E-Rollers und verletzte sich, nachdem sie mit einer Radfahrerin zusammengesto\u00dfen war. Die junge Radfahrerin soll sich vom Unfallort entfernt haben, eine Passantin informierte f\u00fcr die Verletzte den Rettungsdienst und Polizei. Die Polizei hat die Ermittlungen wegen des Verdachts der fahrl\u00e4ssigen K\u00f6rperverletzung aufgenommen und sucht nach weiteren Zeugen.<br \/>\nEine 22-j\u00e4hrige aus St. J\u00fcrgen soll am 26.08.2026 gegen 15.45 Uhr mit einem E-Roller die Kronsforder Allee in Richtung Berliner Allee entlang gefahren sein.<\/p>\n<p><!--more--><\/p>\n<p>An einer Ampel h\u00e4tte die Frau die Fahrbahn \u00fcberquert. Auf der anderen Stra\u00dfenseite angekommen soll die Rollerfahrerin mit einer jungen Radfahrer zusammengesto\u00dfen und gest\u00fcrzt sein. Die Radfahrerin soll laut einer Zeugin trotz Rotlicht \u00fcber f\u00fcr sie geltende Haltelinie gefahren sein. Nach dem Sturz der 22-J\u00e4hrigen h\u00e4tte die als sehr jung beschriebene Radfahrerin ihren Weg fortgesetzt.<br \/>\nDie Fahrerin des E-Rollers h\u00e4tte sich aufgerappelt und w\u00e4re ebenfalls wieder losgefahren. Sie soll dann aber kurz darauf aus nicht erkennbaren Gr\u00fcnden erneut gest\u00fcrzt sein. Die 22-J\u00e4hrige kam vorsorglich zur weiteren Versorgung in ein Krankenhaus.<br \/>\nDie Polizei hat die Ermittlungen wegen des Verdachts der fahrl\u00e4ssigen K\u00f6rperverletzung aufgenommen und sucht nach weiteren Zeugen des Vorfalls.<br \/>\nNach ersten Erkenntnissen k\u00f6nnte es sich bei der Unfallverursacherin um ein M\u00e4dchen im Kindesalter handeln.<br \/>\nR\u00fcckfragen bitte an:<\/p>\n<p>Polizeidirektion L\u00fcbeck<br \/>\nPressestelle<br \/>\nSvenja Pries<br \/>\nTelefon: 49 (0) 451\/131-2004<br \/>\nFax: + 49 (0) 431\/988-6-342901<br \/>\nE-Mail: Pressestelle.Luebeck.PD@polizei.landsh.de<\/p>\n<p>Original-Content von: Polizeidirektion L\u00fcbeck, \u00fcbermittelt durch news aktuell<\/p>\n<p>Dieser Beitrag wurde automatisch von Presseportal.de zur Verf\u00fcgung gestellt: https:\/\/www.presseportal.de\/blaulicht\/pm\/43738\/6345064<\/p>\n","protected":false},"excerpt":{"rendered":"<p>L\u00fcbeck (ots) &#8211; Am 26.08.2026 (Mittwoch) st\u00fcrzte in der Kronsforder Allee die Fahrerin eines E-Rollers und verletzte sich, nachdem sie<\/p>\n","protected":false},"author":0,"featured_media":0,"comment_status":"open","ping_status":"open","sticky":false,"template":"","format":"standard","meta":{"colormag_page_container_layout":"default_layout","colormag_page_sidebar_layout":"default_layout","footnotes":""},"categories":[1527],"tags":[],"class_list":["post-462393","post","type-post","status-publish","format-standard","hentry","category-blaulicht"],"_links":{"self":[{"href":"https:\/\/hier-luebeck.de\/index.php\/wp-json\/wp\/v2\/posts\/462393","targetHints":{"allow":["GET"]}}],"collection":[{"href":"https:\/\/hier-luebeck.de\/index.php\/wp-json\/wp\/v2\/posts"}],"about":[{"href":"https:\/\/hier-luebeck.de\/index.php\/wp-json\/wp\/v2\/types\/post"}],"replies":[{"embeddable":true,"href":"https:\/\/hier-luebeck.de\/index.php\/wp-json\/wp\/v2\/comments?post=462393"}],"version-history":[{"count":0,"href":"https:\/\/hier-luebeck.de\/index.php\/wp-json\/wp\/v2\/posts\/462393\/revisions"}],"wp:attachment":[{"href":"https:\/\/hier-luebeck.de\/index.php\/wp-json\/wp\/v2\/media?parent=462393"}],"wp:term":[{"taxonomy":"category","embeddable":true,"href":"https:\/\/hier-luebeck.de\/index.php\/wp-json\/wp\/v2\/categories?post=462393"},{"taxonomy":"post_tag","embeddable":true,"href":"https:\/\/hier-luebeck.de\/index.php\/wp-json\/wp\/v2\/tags?post=462393"}],"curies":[{"name":"wp","href":"https:\/\/api.w.org\/{rel}","templated":true}]}}