{"id":462394,"date":"2026-09-03T11:03:09","date_gmt":"2026-09-03T09:03:09","guid":{"rendered":"https:\/\/hier-luebeck.de\/index.php\/pol-hl-oh-bad-schwartau-verkehrsunfall-zwischen-lkw-und-pkw-auf-der-bab1\/"},"modified":"2026-09-03T11:03:09","modified_gmt":"2026-09-03T09:03:09","slug":"pol-hl-oh-bad-schwartau-verkehrsunfall-zwischen-lkw-und-pkw-auf-der-bab1","status":"publish","type":"post","link":"https:\/\/hier-luebeck.de\/index.php\/pol-hl-oh-bad-schwartau-verkehrsunfall-zwischen-lkw-und-pkw-auf-der-bab1\/","title":{"rendered":"POL-HL: OH &#8211; Bad Schwartau Verkehrsunfall zwischen Lkw und Pkw auf der BAB1"},"content":{"rendered":"<p>L\u00fcbeck (ots) &#8211; <\/p>\n<p>Am Donnerstagmorgen (03.09.2026) ereignete sich auf der Bundesautobahn 1 in Fahrtrichtung Hamburg ein Verkehrsunfall zwischen einem Lkw und einem Pkw, bei dem eine Frau verletzt wurde. F\u00fcr die Unfallaufnahme und die Aufr\u00e4umarbeiten wurde die Fahrbahn in Richtung Hamburg voll gesperrt. Die Polizei hat die Ermittlungen zum Unfall aufgenommen.<br \/>\nErsten Erkenntnissen zufolge fuhr eine 41-j\u00e4hrige Fahrzeugf\u00fchrerin mit ihrem Opel von der Bundesautobahn 226 kommend auf die Bundesautobahn 1 auf und befuhr den rechten Fahrstreifen.<\/p>\n<p><!--more--><\/p>\n<p>Zeitgleich befuhr ein LKW die Bundesautobahn 1 und beabsichtigte von dem mittleren auf den rechten Fahrstreifen zu wechseln. Dabei kam es zum Zusammensto\u00df mit dem Heck des Opels, der daraufhin nach links vom Fahrstreifen abkam und in die Mittelschutzplanke stie\u00df.<br \/>\nDie 41-j\u00e4hrige L\u00fcbeckerin erlitt durch den Unfall leichte Verletzungen und wurde vom Rettungsdienst in ein Krankenhaus gebracht. Der 58-j\u00e4hriger Fahrer des LKW blieb unverletzt.<br \/>\nDer Pkw war nicht mehr fahrbereit und musste abgeschleppt werden. Der Lkw konnte seine Fahrt im Anschluss an die polizeilichen Ma\u00dfnahmen fortsetzen.<br \/>\nDie Polizei hat nun die Ermittlungen gegen den 58-j\u00e4hrigen Fahrzeugf\u00fchrer (deutsche Staatsangeh\u00f6rigkeit) wegen des Verdachts der fahrl\u00e4ssigen K\u00f6rperverletzung aufgenommen. F\u00fcr die Unfallaufnahme und die Abschlepparbeiten wurde die Fahrbahn bis etwa 08:50 Uhr voll gesperrt.<br \/>\nR\u00fcckfragen bitte an:<\/p>\n<p>Polizeidirektion L\u00fcbeck<br \/>\nStabsstelle \/ \u00d6ffentlichkeitsarbeit<br \/>\nAnna Julia Meyer<br \/>\nTelefon: 0451 \/ 131 &#8211; 2015<br \/>\nFax: 0451 \/ 131 &#8211; 2019<br \/>\nE-Mail: Pressestelle.luebeck.pd@polizei.landsh.de<\/p>\n<p>Original-Content von: Polizeidirektion L\u00fcbeck, \u00fcbermittelt durch news aktuell<\/p>\n<p>Dieser Beitrag wurde automatisch von Presseportal.de zur Verf\u00fcgung gestellt: https:\/\/www.presseportal.de\/blaulicht\/pm\/43738\/6344935<\/p>\n","protected":false},"excerpt":{"rendered":"<p>L\u00fcbeck (ots) &#8211; Am Donnerstagmorgen (03.09.2026) ereignete sich auf der Bundesautobahn 1 in Fahrtrichtung Hamburg ein Verkehrsunfall zwischen einem Lkw<\/p>\n","protected":false},"author":0,"featured_media":0,"comment_status":"open","ping_status":"open","sticky":false,"template":"","format":"standard","meta":{"colormag_page_container_layout":"default_layout","colormag_page_sidebar_layout":"default_layout","footnotes":""},"categories":[1527],"tags":[],"class_list":["post-462394","post","type-post","status-publish","format-standard","hentry","category-blaulicht"],"_links":{"self":[{"href":"https:\/\/hier-luebeck.de\/index.php\/wp-json\/wp\/v2\/posts\/462394","targetHints":{"allow":["GET"]}}],"collection":[{"href":"https:\/\/hier-luebeck.de\/index.php\/wp-json\/wp\/v2\/posts"}],"about":[{"href":"https:\/\/hier-luebeck.de\/index.php\/wp-json\/wp\/v2\/types\/post"}],"replies":[{"embeddable":true,"href":"https:\/\/hier-luebeck.de\/index.php\/wp-json\/wp\/v2\/comments?post=462394"}],"version-history":[{"count":0,"href":"https:\/\/hier-luebeck.de\/index.php\/wp-json\/wp\/v2\/posts\/462394\/revisions"}],"wp:attachment":[{"href":"https:\/\/hier-luebeck.de\/index.php\/wp-json\/wp\/v2\/media?parent=462394"}],"wp:term":[{"taxonomy":"category","embeddable":true,"href":"https:\/\/hier-luebeck.de\/index.php\/wp-json\/wp\/v2\/categories?post=462394"},{"taxonomy":"post_tag","embeddable":true,"href":"https:\/\/hier-luebeck.de\/index.php\/wp-json\/wp\/v2\/tags?post=462394"}],"curies":[{"name":"wp","href":"https:\/\/api.w.org\/{rel}","templated":true}]}}