{"id":462395,"date":"2026-09-03T11:01:51","date_gmt":"2026-09-03T09:01:51","guid":{"rendered":"https:\/\/hier-luebeck.de\/index.php\/pol-hl-hl-st-juergen-fahrzeuge-mit-roter-farbe-beschmiert-polizei-sucht-zeugen\/"},"modified":"2026-09-03T11:01:51","modified_gmt":"2026-09-03T09:01:51","slug":"pol-hl-hl-st-juergen-fahrzeuge-mit-roter-farbe-beschmiert-polizei-sucht-zeugen","status":"publish","type":"post","link":"https:\/\/hier-luebeck.de\/index.php\/pol-hl-hl-st-juergen-fahrzeuge-mit-roter-farbe-beschmiert-polizei-sucht-zeugen\/","title":{"rendered":"POL-HL: HL-St. J\u00fcrgen \/ Fahrzeuge mit roter Farbe beschmiert &#8211; Polizei sucht Zeugen"},"content":{"rendered":"<p>L\u00fcbeck (ots) &#8211; <\/p>\n<p>Am Freitagmorgen (28.08.2026) erstatten mehrere Gesch\u00e4digte Strafanzeige bei der Polizei in L\u00fcbeck, weil ihre in L\u00fcbeck St. J\u00fcrgen abgestellten Fahrzeuge mit roter Farbe beschmiert wurden. Der Sachschaden bel\u00e4uft sich nach einer ersten Einsch\u00e4tzung auf mehrere Tausend Euro. Die Beamten der Polizeistation St. J\u00fcrgen ermitteln wegen des Verdachts der Sachbesch\u00e4digung in sieben F\u00e4llen und suchen Zeugen, die Angaben zu m\u00f6glichen Tatverd\u00e4chtigen machen k\u00f6nnen.<br \/>\nAbgestellt waren die betroffenen PKW der Hersteller Ford, VW, BMW, Nissan, Honda und Hyundai in der Stadtweide, der B\u00fcrgerweide und der Edisonstra\u00dfe.<\/p>\n<p><!--more--><\/p>\n<p>F\u00fcnf der betroffenen sieben Fahrzeuge parkten in der B\u00fcrgerweide. Der oder die T\u00e4ter bespr\u00fchten die T\u00fcren und in einem Fall auch die Motorhaube mit roter Lackfarbe, zum Teil mittels eines Schriftzuges oder auch einer Zahl &#8211; in mehreren F\u00e4llen stellte die Polizei auch einen langen roten Farbstreifen an den Fahrzeugseiten fest.<br \/>\nNach den vorliegenden Erkenntnissen ist davon auszugehen, dass der oder die T\u00e4ter am sp\u00e4ten Donnerstagabend (27.08.2026) oder in der Nacht zu Freitag (28.08.2026) die Farbe auf die Fahrzeuge spr\u00fchten. Deswegen suchen die Ermittler der Polizeistation St. J\u00fcrgen Zeugen, denen in der Nacht im Bereich der Stadtweide, B\u00fcrgerweide oder der Edisonstra\u00dfe verd\u00e4chtige Personen aufgefallen sind. Hinweise nimmt die Polizei in L\u00fcbeck St. J\u00fcrgen unter der zentralen Rufnummer 0451-1310 entgegen.<br \/>\nR\u00fcckfragen bitte an:<\/p>\n<p>Polizeidirektion L\u00fcbeck<br \/>\nStabsstelle \/ \u00d6ffentlichkeitsarbeit<br \/>\nUlli Fritz Gerlach &#8211; Pressesprecher &#8211;<br \/>\nTelefon: 0451 \/ 131-2006<br \/>\nFax: 0451 \/ 131 &#8211; 2019<br \/>\nE-Mail: Pressestelle.luebeck.pd@polizei.landsh.de<\/p>\n<p>Original-Content von: Polizeidirektion L\u00fcbeck, \u00fcbermittelt durch news aktuell<\/p>\n<p>Dieser Beitrag wurde automatisch von Presseportal.de zur Verf\u00fcgung gestellt: https:\/\/www.presseportal.de\/blaulicht\/pm\/43738\/6344933<\/p>\n","protected":false},"excerpt":{"rendered":"<p>L\u00fcbeck (ots) &#8211; Am Freitagmorgen (28.08.2026) erstatten mehrere Gesch\u00e4digte Strafanzeige bei der Polizei in L\u00fcbeck, weil ihre in L\u00fcbeck St.<\/p>\n","protected":false},"author":0,"featured_media":0,"comment_status":"open","ping_status":"open","sticky":false,"template":"","format":"standard","meta":{"colormag_page_container_layout":"default_layout","colormag_page_sidebar_layout":"default_layout","footnotes":""},"categories":[1527],"tags":[],"class_list":["post-462395","post","type-post","status-publish","format-standard","hentry","category-blaulicht"],"_links":{"self":[{"href":"https:\/\/hier-luebeck.de\/index.php\/wp-json\/wp\/v2\/posts\/462395","targetHints":{"allow":["GET"]}}],"collection":[{"href":"https:\/\/hier-luebeck.de\/index.php\/wp-json\/wp\/v2\/posts"}],"about":[{"href":"https:\/\/hier-luebeck.de\/index.php\/wp-json\/wp\/v2\/types\/post"}],"replies":[{"embeddable":true,"href":"https:\/\/hier-luebeck.de\/index.php\/wp-json\/wp\/v2\/comments?post=462395"}],"version-history":[{"count":0,"href":"https:\/\/hier-luebeck.de\/index.php\/wp-json\/wp\/v2\/posts\/462395\/revisions"}],"wp:attachment":[{"href":"https:\/\/hier-luebeck.de\/index.php\/wp-json\/wp\/v2\/media?parent=462395"}],"wp:term":[{"taxonomy":"category","embeddable":true,"href":"https:\/\/hier-luebeck.de\/index.php\/wp-json\/wp\/v2\/categories?post=462395"},{"taxonomy":"post_tag","embeddable":true,"href":"https:\/\/hier-luebeck.de\/index.php\/wp-json\/wp\/v2\/tags?post=462395"}],"curies":[{"name":"wp","href":"https:\/\/api.w.org\/{rel}","templated":true}]}}