{"id":462408,"date":"2026-09-04T14:46:52","date_gmt":"2026-09-04T12:46:52","guid":{"rendered":"https:\/\/hier-luebeck.de\/?p=462408"},"modified":"2026-09-04T14:57:05","modified_gmt":"2026-09-04T12:57:05","slug":"wasbek-schwerer-verkehrsunfall-auf-der-b430","status":"publish","type":"post","link":"https:\/\/hier-luebeck.de\/index.php\/wasbek-schwerer-verkehrsunfall-auf-der-b430\/","title":{"rendered":"Wasbek: Schwerer Verkehrsunfall auf der B430"},"content":{"rendered":"<div class=\"n6owBd awi2gc\" data-sfc-cp=\"\" data-sfc-root=\"ep\" data-hveid=\"CAAICRAA\" data-complete=\"true\" data-processed=\"true\" data-copy-service-computed-style=\"font-family: Google Sans, Arial, sans-serif; font-size: 16px; font-weight: 400; margin: 12px 0px 16px; text-decoration: none; border-bottom: 0px rgb(10, 10, 10);\">Fotos: Thomas Nyfeler \u00b7 Auf der <span class=\"iNqyIf\" data-sfc-cp=\"\" data-sfc-root=\"ep\" data-complete=\"true\" data-processed=\"true\" data-copy-service-computed-style=\"font-family: Google Sans, Arial, sans-serif; font-size: 16px; font-weight: 700; margin: 0px; text-decoration: none; border-bottom: 0px rgb(10, 10, 10);\">B430 zwischen Wasbek und Aukrug<!--TgQPHd|||[]--><!--TgQPHd|||[]--><\/span><!--TgQPHd|||[]--> (bei Neum\u00fcnster) kam es heute gegen Mittag (4. September 2026) gegen 12:30 Uhr zu einem schweren Verkehrsunfall. Die Bergungsarbeiten und die Unfallaufnahme dauern an. Verkehrsteilnehmer sollten den Bereich zwischen Wasbek und Aukrug weitr\u00e4umig umfahren.<\/div>\n<p><!--more--><\/p>\n<p><a href=\"https:\/\/hier-luebeck.de\/wp-content\/uploads\/2026\/09\/Wasbek-Schwerer-Unfall-B430_Tom-Nyfeler_002.jpg\"><img loading=\"lazy\" decoding=\"async\" class=\"size-full wp-image-462410 aligncenter\" src=\"https:\/\/hier-luebeck.de\/wp-content\/uploads\/2026\/09\/Wasbek-Schwerer-Unfall-B430_Tom-Nyfeler_002.jpg\" alt=\"\" width=\"550\" height=\"309\" srcset=\"https:\/\/hier-luebeck.de\/wp-content\/uploads\/2026\/09\/Wasbek-Schwerer-Unfall-B430_Tom-Nyfeler_002.jpg 550w, https:\/\/hier-luebeck.de\/wp-content\/uploads\/2026\/09\/Wasbek-Schwerer-Unfall-B430_Tom-Nyfeler_002-320x180.jpg 320w\" sizes=\"auto, (max-width: 550px) 100vw, 550px\" \/><\/a>Hier aktuelle Details zum Geschehen:<!--TgQPHd|||[]--><\/p>\n<ul class=\"KsbFXc U6u95\" data-sfc-cp=\"\" data-sfc-root=\"ep\" data-ved=\"2ahUKEwj2-IzJ99SWAxXzQ_EDHf2GPAQQ-7AUegYIAAgLEAA\" data-hveid=\"CAAICxAA\" data-complete=\"true\" data-processed=\"true\" data-copy-service-computed-style=\"font-family: Google Sans, Arial, sans-serif; font-size: 16px; font-weight: 400; margin: 12px 0px 16px; text-decoration: none; border-bottom: 0px rgb(10, 10, 10);\">\n<li class=\"Z1qcYe\" data-sfc-cp=\"\" data-sfc-root=\"ep\" data-hveid=\"CAAICxAC\" data-complete=\"true\" data-sae=\"\" data-copy-service-computed-style=\"font-family: Google Sans, Arial, sans-serif; font-size: 16px; font-weight: 400; margin: 0px 0px 12px; text-decoration: none; border-bottom: 0px rgb(10, 10, 10);\"><span class=\"iNqyIf\" data-sfc-cp=\"\" data-sfc-root=\"ep\" data-complete=\"true\" data-copy-service-computed-style=\"font-family: Google Sans, Arial, sans-serif; font-size: 16px; font-weight: 400; margin: 0px; text-decoration: none; border-bottom: 0px rgb(10, 10, 10);\">Unfallursache &amp; Ablauf:<!--TgQPHd|||[]--> Es handelt sich um einen Unfall mit einem BMW-Fahrer. Er verlor w\u00e4hrend eines \u00dcberholvorgangs offenbar durch Aquaplaning<!--TgQPHd|||[]--> die Kontrolle \u00fcber sein Fahrzeug, kam von der Fahrbahn ab und landete mit dem Fahrzeug im Graben.<!--TgQPHd|||[]--><\/span><\/li>\n<li class=\"Z1qcYe\" data-sfc-cp=\"\" data-sfc-root=\"ep\" data-hveid=\"CAAICxAH\" data-complete=\"true\" data-sae=\"\" data-copy-service-computed-style=\"font-family: Google Sans, Arial, sans-serif; font-size: 16px; font-weight: 400; margin: 0px 0px 12px; text-decoration: none; border-bottom: 0px rgb(10, 10, 10);\"><span class=\"iNqyIf\" data-sfc-cp=\"\" data-sfc-root=\"ep\" data-complete=\"true\" data-copy-service-computed-style=\"font-family: Google Sans, Arial, sans-serif; font-size: 16px; font-weight: 400; margin: 0px; text-decoration: none; border-bottom: 0px rgb(10, 10, 10);\">Einsatzkr\u00e4fte vor Ort:<!--TgQPHd|||[]--> Der Fahrer wurde im Fahrzeug eingeklemmt, die Berufsfeuerwehr Neum\u00fcnster mu\u00dfte mit dem R\u00fcstzug als technischer Hilfeleistung zum Einsatzort und unterst\u00fctzte die Freiwillige Feuerwehren Ehndorf und Padenstedt sowie den Rettungsdienst.<!--TgQPHd|||[]--><\/span><\/li>\n<li class=\"Z1qcYe\" data-sfc-cp=\"\" data-sfc-root=\"ep\" data-hveid=\"CAAICxAM\" data-complete=\"true\" data-sae=\"\" data-copy-service-computed-style=\"font-family: Google Sans, Arial, sans-serif; font-size: 16px; font-weight: 400; margin: 0px 0px 12px; text-decoration: none; border-bottom: 0px rgb(10, 10, 10);\"><span class=\"iNqyIf\" data-sfc-cp=\"\" data-sfc-root=\"ep\" data-complete=\"true\" data-copy-service-computed-style=\"font-family: Google Sans, Arial, sans-serif; font-size: 16px; font-weight: 400; margin: 0px; text-decoration: none; border-bottom: 0px rgb(10, 10, 10);\">Verkehrslage:<!--TgQPHd|||[]--> Die B430 ist wegen des Rettungseinsatzes im Bereich der Unfallstelle aktuell in beide Richtungen voll gesperrt<!--TgQPHd|||[]-->.<br \/>\n<!--TgQPHd|||[]--><\/span><a href=\"https:\/\/hier-luebeck.de\/wp-content\/uploads\/2026\/09\/Wasbek-Schwerer-Unfall-B430_Tom-Nyfeler_001.jpg\"><img loading=\"lazy\" decoding=\"async\" class=\"size-full wp-image-462409 aligncenter\" src=\"https:\/\/hier-luebeck.de\/wp-content\/uploads\/2026\/09\/Wasbek-Schwerer-Unfall-B430_Tom-Nyfeler_001.jpg\" alt=\"\" width=\"550\" height=\"309\" srcset=\"https:\/\/hier-luebeck.de\/wp-content\/uploads\/2026\/09\/Wasbek-Schwerer-Unfall-B430_Tom-Nyfeler_001.jpg 550w, https:\/\/hier-luebeck.de\/wp-content\/uploads\/2026\/09\/Wasbek-Schwerer-Unfall-B430_Tom-Nyfeler_001-320x180.jpg 320w\" sizes=\"auto, (max-width: 550px) 100vw, 550px\" \/><\/a><a href=\"https:\/\/hier-luebeck.de\/wp-content\/uploads\/2026\/09\/Wasbek-Schwerer-Unfall-B430_Tom-Nyfeler_004.jpg\"><img loading=\"lazy\" decoding=\"async\" class=\"size-full wp-image-462413 aligncenter\" src=\"https:\/\/hier-luebeck.de\/wp-content\/uploads\/2026\/09\/Wasbek-Schwerer-Unfall-B430_Tom-Nyfeler_004.jpg\" alt=\"\" width=\"550\" height=\"309\" srcset=\"https:\/\/hier-luebeck.de\/wp-content\/uploads\/2026\/09\/Wasbek-Schwerer-Unfall-B430_Tom-Nyfeler_004.jpg 550w, https:\/\/hier-luebeck.de\/wp-content\/uploads\/2026\/09\/Wasbek-Schwerer-Unfall-B430_Tom-Nyfeler_004-320x180.jpg 320w\" sizes=\"auto, (max-width: 550px) 100vw, 550px\" \/><\/a><a href=\"https:\/\/hier-luebeck.de\/wp-content\/uploads\/2026\/09\/Wasbek-Schwerer-Unfall-B430_Tom-Nyfeler_007.jpg\"><img loading=\"lazy\" decoding=\"async\" class=\"size-full wp-image-462415 aligncenter\" src=\"https:\/\/hier-luebeck.de\/wp-content\/uploads\/2026\/09\/Wasbek-Schwerer-Unfall-B430_Tom-Nyfeler_007.jpg\" alt=\"\" width=\"550\" height=\"309\" srcset=\"https:\/\/hier-luebeck.de\/wp-content\/uploads\/2026\/09\/Wasbek-Schwerer-Unfall-B430_Tom-Nyfeler_007.jpg 550w, https:\/\/hier-luebeck.de\/wp-content\/uploads\/2026\/09\/Wasbek-Schwerer-Unfall-B430_Tom-Nyfeler_007-320x180.jpg 320w\" sizes=\"auto, (max-width: 550px) 100vw, 550px\" \/><\/a><a href=\"https:\/\/hier-luebeck.de\/wp-content\/uploads\/2026\/09\/Wasbek-Schwerer-Unfall-B430_Tom-Nyfeler_005.jpg\"><img loading=\"lazy\" decoding=\"async\" class=\"size-full wp-image-462414 aligncenter\" src=\"https:\/\/hier-luebeck.de\/wp-content\/uploads\/2026\/09\/Wasbek-Schwerer-Unfall-B430_Tom-Nyfeler_005.jpg\" alt=\"\" width=\"550\" height=\"309\" srcset=\"https:\/\/hier-luebeck.de\/wp-content\/uploads\/2026\/09\/Wasbek-Schwerer-Unfall-B430_Tom-Nyfeler_005.jpg 550w, https:\/\/hier-luebeck.de\/wp-content\/uploads\/2026\/09\/Wasbek-Schwerer-Unfall-B430_Tom-Nyfeler_005-320x180.jpg 320w\" sizes=\"auto, (max-width: 550px) 100vw, 550px\" \/><\/a><\/li>\n<\/ul>\n","protected":false},"excerpt":{"rendered":"<p>Fotos: Thomas Nyfeler \u00b7 Auf der B430 zwischen Wasbek und Aukrug (bei Neum\u00fcnster) kam es heute gegen Mittag (4. September<\/p>\n","protected":false},"author":3,"featured_media":462411,"comment_status":"closed","ping_status":"closed","sticky":false,"template":"","format":"standard","meta":{"colormag_page_container_layout":"default_layout","colormag_page_sidebar_layout":"default_layout","footnotes":""},"categories":[1527,14],"tags":[28859],"class_list":["post-462408","post","type-post","status-publish","format-standard","has-post-thumbnail","hentry","category-blaulicht","category-tipps-informationen","tag-wasbek-schwerer-verkehrsunfall-auf-der-b430"],"_links":{"self":[{"href":"https:\/\/hier-luebeck.de\/index.php\/wp-json\/wp\/v2\/posts\/462408","targetHints":{"allow":["GET"]}}],"collection":[{"href":"https:\/\/hier-luebeck.de\/index.php\/wp-json\/wp\/v2\/posts"}],"about":[{"href":"https:\/\/hier-luebeck.de\/index.php\/wp-json\/wp\/v2\/types\/post"}],"author":[{"embeddable":true,"href":"https:\/\/hier-luebeck.de\/index.php\/wp-json\/wp\/v2\/users\/3"}],"replies":[{"embeddable":true,"href":"https:\/\/hier-luebeck.de\/index.php\/wp-json\/wp\/v2\/comments?post=462408"}],"version-history":[{"count":5,"href":"https:\/\/hier-luebeck.de\/index.php\/wp-json\/wp\/v2\/posts\/462408\/revisions"}],"predecessor-version":[{"id":462420,"href":"https:\/\/hier-luebeck.de\/index.php\/wp-json\/wp\/v2\/posts\/462408\/revisions\/462420"}],"wp:featuredmedia":[{"embeddable":true,"href":"https:\/\/hier-luebeck.de\/index.php\/wp-json\/wp\/v2\/media\/462411"}],"wp:attachment":[{"href":"https:\/\/hier-luebeck.de\/index.php\/wp-json\/wp\/v2\/media?parent=462408"}],"wp:term":[{"taxonomy":"category","embeddable":true,"href":"https:\/\/hier-luebeck.de\/index.php\/wp-json\/wp\/v2\/categories?post=462408"},{"taxonomy":"post_tag","embeddable":true,"href":"https:\/\/hier-luebeck.de\/index.php\/wp-json\/wp\/v2\/tags?post=462408"}],"curies":[{"name":"wp","href":"https:\/\/api.w.org\/{rel}","templated":true}]}}