{"id":462421,"date":"2026-09-04T15:00:52","date_gmt":"2026-09-04T13:00:52","guid":{"rendered":"https:\/\/hier-luebeck.de\/?p=462421"},"modified":"2026-09-04T15:00:52","modified_gmt":"2026-09-04T13:00:52","slug":"luebeck-erntefest-am-rehderplatz","status":"publish","type":"post","link":"https:\/\/hier-luebeck.de\/index.php\/luebeck-erntefest-am-rehderplatz\/","title":{"rendered":"L\u00fcbeck: Erntefest am Rehderplatz"},"content":{"rendered":"<p>Initiative l\u00e4dt am 12. September 2026 ein \u201cGr\u00fcnes Wohnzimmer\u201d Interkulturell kochen auf dem Rehderplatz ein. \u00a9 HL \u00b7 Am Samstag, 12. September 2026 von 14 bis 16.30 Uhr laden die Aktiven vom Rehderplatz zum Erntefest ein. Aus verschiedenen Getreidesorten mahlen wir Mehl und mit der Handm\u00fchle pressen wir Flocken. <!--more-->Wie schmecken unsere heimischen Getreidesorten Weizen, Roggen, Gerste, Hafer bis hin zu Emmer und Einkorn? Und welche mechanischen Ger\u00e4te eignen sich, um sie zu verarbeiten?<\/p>\n<p>Zusammen mit dem Obst der Jahreszeit und essbaren Bl\u00fcten werden wir von Hand individuelle M\u00fcsli-Kreationen zubereiten, die k\u00f6stlich schmecken<\/p>\n<p>Anwohner:innen und Passanten sind eingeladen, mitzumachen, zu probieren und mit den Aktiven ins Gespr\u00e4ch zu kommen. Um M\u00fcll m\u00f6glichst zu vermeiden, bitten die Veranstalter:innen darum, dass m\u00f6glichst alle ihre Trinkgef\u00e4\u00dfe, Teller und Besteck selber mitbringen.<\/p>\n<p>Der Rehderplatz ist Teil der \u201eEssbare Stadt L\u00fcbeck\u201c, einem vielf\u00e4ltigen Verbund von Stadtoasen f\u00fcr Menschen, Tiere und Pflanzen in verschiedenen Stadtteilen L\u00fcbecks. Mehr Infos dazu gibt es unter <a href=\"https:\/\/www.luebeck.de\/essbarestadt\">https:\/\/www.luebeck.de\/essbarestadt<\/a><\/p>\n<p>Wer Fragen hat, kann eine Mail schreiben an: <a href=\"mailto:luebecker-kuechengarten@proton.me\">luebecker-kuechengarten@proton.me<\/a><\/p>\n<p>Unsere letzte gemeinschaftliche Aktion in diesem Jahr auf dem Rehderplatz: Samstag, 7. November 2026 von 14 bis 16.30 Uhr: Schnitzkurs f\u00fcr Kinder und Erwachsene. Wie kann man mit Kindern schnitzen? Welche H\u00f6lzer eignen sich gut? Wir schulen in Messerkunde.<\/p>\n<p>Kindgerechtes Werkzeug wird gestellt und kann, wenn vorhan-den, auch selbst mitgebracht werden. Eine warme Suppe mit klassischen Winter-gem\u00fcsen aus der Ernte vom Rehderplatz wird dazu Leib und Seele verw\u00f6hnen.<\/p>\n","protected":false},"excerpt":{"rendered":"<p>Initiative l\u00e4dt am 12. September 2026 ein \u201cGr\u00fcnes Wohnzimmer\u201d Interkulturell kochen auf dem Rehderplatz ein. \u00a9 HL \u00b7 Am Samstag,<\/p>\n","protected":false},"author":3,"featured_media":462422,"comment_status":"closed","ping_status":"closed","sticky":false,"template":"","format":"standard","meta":{"colormag_page_container_layout":"default_layout","colormag_page_sidebar_layout":"default_layout","footnotes":""},"categories":[20,10,13],"tags":[28860],"class_list":["post-462421","post","type-post","status-publish","format-standard","has-post-thumbnail","hentry","category-besondere-neuigkeiten","category-lubeck-lupe","category-veranstaltungen","tag-luebeck-erntefest-am-rehderplatz"],"_links":{"self":[{"href":"https:\/\/hier-luebeck.de\/index.php\/wp-json\/wp\/v2\/posts\/462421","targetHints":{"allow":["GET"]}}],"collection":[{"href":"https:\/\/hier-luebeck.de\/index.php\/wp-json\/wp\/v2\/posts"}],"about":[{"href":"https:\/\/hier-luebeck.de\/index.php\/wp-json\/wp\/v2\/types\/post"}],"author":[{"embeddable":true,"href":"https:\/\/hier-luebeck.de\/index.php\/wp-json\/wp\/v2\/users\/3"}],"replies":[{"embeddable":true,"href":"https:\/\/hier-luebeck.de\/index.php\/wp-json\/wp\/v2\/comments?post=462421"}],"version-history":[{"count":1,"href":"https:\/\/hier-luebeck.de\/index.php\/wp-json\/wp\/v2\/posts\/462421\/revisions"}],"predecessor-version":[{"id":462423,"href":"https:\/\/hier-luebeck.de\/index.php\/wp-json\/wp\/v2\/posts\/462421\/revisions\/462423"}],"wp:featuredmedia":[{"embeddable":true,"href":"https:\/\/hier-luebeck.de\/index.php\/wp-json\/wp\/v2\/media\/462422"}],"wp:attachment":[{"href":"https:\/\/hier-luebeck.de\/index.php\/wp-json\/wp\/v2\/media?parent=462421"}],"wp:term":[{"taxonomy":"category","embeddable":true,"href":"https:\/\/hier-luebeck.de\/index.php\/wp-json\/wp\/v2\/categories?post=462421"},{"taxonomy":"post_tag","embeddable":true,"href":"https:\/\/hier-luebeck.de\/index.php\/wp-json\/wp\/v2\/tags?post=462421"}],"curies":[{"name":"wp","href":"https:\/\/api.w.org\/{rel}","templated":true}]}}