{"id":462424,"date":"2026-09-04T15:06:05","date_gmt":"2026-09-04T13:06:05","guid":{"rendered":"https:\/\/hier-luebeck.de\/index.php\/pol-se-20260904-2-bad-segeberg-polizei-nimmt-einbrecher-auf-frischer-tat-fest-weitere-hinweise-erbeten\/"},"modified":"2026-09-04T15:06:05","modified_gmt":"2026-09-04T13:06:05","slug":"pol-se-20260904-2-bad-segeberg-polizei-nimmt-einbrecher-auf-frischer-tat-fest-weitere-hinweise-erbeten","status":"publish","type":"post","link":"https:\/\/hier-luebeck.de\/index.php\/pol-se-20260904-2-bad-segeberg-polizei-nimmt-einbrecher-auf-frischer-tat-fest-weitere-hinweise-erbeten\/","title":{"rendered":"POL-SE: 20260904.2: Bad Segeberg &#8211; Polizei nimmt Einbrecher auf frischer Tat fest &#8211; Weitere Hinweise erbeten"},"content":{"rendered":"<p>Bad Segeberg (ots) &#8211; <\/p>\n<p>In der Nacht zu Freitag (04.09.2026) kam es in der L\u00fcbecker Landstra\u00dfe in Bad Segeberg zu einem Einbruch in eine Doppelhaush\u00e4lfte. Die T\u00e4ter fielen auf einer \u00dcberwachungskamera auf und konnten anschlie\u00dfend durch die alarmierten Polizeikr\u00e4fte auf frischer Tat festgenommen werden.<br \/>\nNach bisherigen Erkenntnissen betraten die zwei T\u00e4ter gegen 01:00 Uhr nachts das Grundst\u00fcck und gelangten gewaltsam \u00fcber eine Terrassent\u00fcr in das Wohngeb\u00e4ude. Die Bewohner waren nicht zu Hause, wurden aber \u00fcber eine installierte Video\u00fcberwachung umgehend \u00fcber den Einbruch informiert.<\/p>\n<p><!--more--><\/p>\n<p>Man w\u00e4hlte sofort den Notruf.<br \/>\nAls nur kurze Zeit sp\u00e4ter die eingesetzten Polizeikr\u00e4fte des Polizeireviers Bad Segeberg am Tatort ankamen, befanden sich die T\u00e4ter noch im Haus. Die Beamten nahmen sie auf frischer Tat fest. Eine Person versuchte noch zu entkommen, wurde aber nach kurzer Flucht gestellt. Es handelte sich um zwei 36-j\u00e4hrige Kieler (1x deutsche und 1x t\u00fcrkische Staatsangeh\u00f6rigkeit).<br \/>\nDie beiden Personen wurden dem Polizeigewahrsam in Bad Segeberg zugef\u00fchrt und durch den Kriminaldauerdienst Pinneberg wurden die erforderlichen ersten kriminalpolizeilichen Ma\u00dfnahmen getroffen sowie die erkennungsdienstliche Behandlung beider Personen durchgef\u00fchrt.<br \/>\nDie weiteren Ermittlungen wurden am Morgen an das Sachgebiet 4 der Kriminalinspektion Pinneberg \u00fcbergeben, das auf F\u00e4lle des Wohnungseinbruchs spezialisiert ist. Hier erfolgten weitere Ermittlungen und polizeiliche Ma\u00dfnahmen.<br \/>\nNach R\u00fccksprache mit der Staatsanwaltschaft Kiel wurden beide Personen sp\u00e4ter am Tag wieder auf freien Fu\u00df gesetzt, da keine Haftgr\u00fcnde vorlagen.<br \/>\nDie beiden 36-j\u00e4hrigen aus Kiel werden sich nun in einem Strafverfahren wegen schweren Wohnungseinbruchdiebstahls vor einem Gericht verantworten m\u00fcssen.<br \/>\nWer Hinweise zu weiteren verd\u00e4chtigen Personen oder Fahrzeugen in Tatortn\u00e4he geben kann, wird gebeten, sich mit den Ermittlern der Kriminalinspektion Pinneberg in Verbindung zu setzen.<br \/>\nSachdienliche Mitteilungen zu der Tat oder weiteren T\u00e4tern werden unter der Rufnummer 04101 202-0 oder schriftlich per E-Mail an SG4.Pinneberg.KI@polizei.landsh.de entgegengenommen.<br \/>\nR\u00fcckfragen bitte an:<\/p>\n<p>Polizeidirektion Bad Segeberg<br \/>\n&#8211; Pressestelle &#8211;<br \/>\nDorfstr. 16-18<br \/>\n23795 Bad Segeberg<\/p>\n<p>Niklas St\u00e4\u00df<br \/>\nTelefon: 04551-884-2020<br \/>\nE-Mail: pressestelle.badsegeberg@polizei.landsh.de<\/p>\n<p>Original-Content von: Polizeidirektion Bad Segeberg, \u00fcbermittelt durch news aktuell<\/p>\n<p>Dieser Beitrag wurde automatisch von Presseportal.de zur Verf\u00fcgung gestellt: https:\/\/www.presseportal.de\/blaulicht\/pm\/19027\/6345932<\/p>\n","protected":false},"excerpt":{"rendered":"<p>Bad Segeberg (ots) &#8211; In der Nacht zu Freitag (04.09.2026) kam es in der L\u00fcbecker Landstra\u00dfe in Bad Segeberg zu<\/p>\n","protected":false},"author":0,"featured_media":0,"comment_status":"open","ping_status":"open","sticky":false,"template":"","format":"standard","meta":{"colormag_page_container_layout":"default_layout","colormag_page_sidebar_layout":"default_layout","footnotes":""},"categories":[1527],"tags":[],"class_list":["post-462424","post","type-post","status-publish","format-standard","hentry","category-blaulicht"],"_links":{"self":[{"href":"https:\/\/hier-luebeck.de\/index.php\/wp-json\/wp\/v2\/posts\/462424","targetHints":{"allow":["GET"]}}],"collection":[{"href":"https:\/\/hier-luebeck.de\/index.php\/wp-json\/wp\/v2\/posts"}],"about":[{"href":"https:\/\/hier-luebeck.de\/index.php\/wp-json\/wp\/v2\/types\/post"}],"replies":[{"embeddable":true,"href":"https:\/\/hier-luebeck.de\/index.php\/wp-json\/wp\/v2\/comments?post=462424"}],"version-history":[{"count":0,"href":"https:\/\/hier-luebeck.de\/index.php\/wp-json\/wp\/v2\/posts\/462424\/revisions"}],"wp:attachment":[{"href":"https:\/\/hier-luebeck.de\/index.php\/wp-json\/wp\/v2\/media?parent=462424"}],"wp:term":[{"taxonomy":"category","embeddable":true,"href":"https:\/\/hier-luebeck.de\/index.php\/wp-json\/wp\/v2\/categories?post=462424"},{"taxonomy":"post_tag","embeddable":true,"href":"https:\/\/hier-luebeck.de\/index.php\/wp-json\/wp\/v2\/tags?post=462424"}],"curies":[{"name":"wp","href":"https:\/\/api.w.org\/{rel}","templated":true}]}}