{"id":462425,"date":"2026-09-04T12:47:47","date_gmt":"2026-09-04T10:47:47","guid":{"rendered":"https:\/\/hier-luebeck.de\/index.php\/pol-iz-260904-2-elmshorn-24-jaehriger-in-untersuchungshaft-folgemeldung-zu-pol-se-20260831-1-elmshorn-mann-nach-auseinandersetzung-schwer-verletzt\/"},"modified":"2026-09-04T20:32:55","modified_gmt":"2026-09-04T18:32:55","slug":"untersuchungshaft-elmshorn-mann-nach-auseinandersetzung-schwer-verletzt","status":"publish","type":"post","link":"https:\/\/hier-luebeck.de\/index.php\/untersuchungshaft-elmshorn-mann-nach-auseinandersetzung-schwer-verletzt\/","title":{"rendered":"POL-IZ: Elmshorn: 24-J\u00e4hriger in Untersuchungshaft &#8211; Elmshorn: Mann nach Auseinandersetzung schwer verletzt"},"content":{"rendered":"<p>Elmshorn &#8211; Nach der Auseinandersetzung am vergangenen Sonntag in Elmshorn haben neue Beweismittel zu einer ver\u00e4nderten Bewertung des Tatgeschehens gef\u00fchrt. <!--more-->Es besteht nun der Verdacht eines versuchten T\u00f6tungsdelikts. Die Mordkommission der Bezirkskriminalinspektion Itzehoe hat die weiteren Ermittlungen gegen den beschuldigten 24-j\u00e4hrigen Deutschen \u00fcbernommen.<\/p>\n<p>Nach bisherigen Erkenntnissen war es am Sonntagmorgen, 30.08.2026, gegen 06:35 Uhr vor einer Gastst\u00e4tte in der Panjestra\u00dfe zun\u00e4chst zu einer Auseinandersetzung zwischen dem 24-J\u00e4hrigen und einem 34-j\u00e4hrigen Mann gekommen.<\/p>\n<p>Im weiteren Verlauf soll der Beschuldigte den 34-J\u00e4hrigen mit einem spitzen Gegenstand schwer verletzt haben.<\/p>\n<p>Aufgrund neuer Beweismittel ergaben sich im Verlauf der weiteren Ermittlungen Anhaltspunkte f\u00fcr ein versuchtes T\u00f6tungsdelikt.<\/p>\n<p>Auf Antrag der Staatsanwaltschaft Itzehoe erlie\u00df das Amtsgericht Itzehoe einen Haftbefehl gegen den 24-J\u00e4hrigen. Am Freitagmorgen nahmen Polizeibeamte den Beschuldigten fest und f\u00fchrten ihn anschlie\u00dfend dem Amtsgericht Itzehoe vor, wo ihm der Haftbefehl verk\u00fcndet wurde.<\/p>\n<p>Der 24-J\u00e4hrige befindet sich nun in Untersuchungshaft.<\/p>\n","protected":false},"excerpt":{"rendered":"<p>Elmshorn &#8211; Nach der Auseinandersetzung am vergangenen Sonntag in Elmshorn haben neue Beweismittel zu einer ver\u00e4nderten Bewertung des Tatgeschehens gef\u00fchrt.<\/p>\n","protected":false},"author":4994,"featured_media":0,"comment_status":"open","ping_status":"open","sticky":false,"template":"","format":"standard","meta":{"colormag_page_container_layout":"default_layout","colormag_page_sidebar_layout":"default_layout","footnotes":""},"categories":[1527],"tags":[],"class_list":["post-462425","post","type-post","status-publish","format-standard","hentry","category-blaulicht"],"_links":{"self":[{"href":"https:\/\/hier-luebeck.de\/index.php\/wp-json\/wp\/v2\/posts\/462425","targetHints":{"allow":["GET"]}}],"collection":[{"href":"https:\/\/hier-luebeck.de\/index.php\/wp-json\/wp\/v2\/posts"}],"about":[{"href":"https:\/\/hier-luebeck.de\/index.php\/wp-json\/wp\/v2\/types\/post"}],"author":[{"embeddable":true,"href":"https:\/\/hier-luebeck.de\/index.php\/wp-json\/wp\/v2\/users\/4994"}],"replies":[{"embeddable":true,"href":"https:\/\/hier-luebeck.de\/index.php\/wp-json\/wp\/v2\/comments?post=462425"}],"version-history":[{"count":3,"href":"https:\/\/hier-luebeck.de\/index.php\/wp-json\/wp\/v2\/posts\/462425\/revisions"}],"predecessor-version":[{"id":462453,"href":"https:\/\/hier-luebeck.de\/index.php\/wp-json\/wp\/v2\/posts\/462425\/revisions\/462453"}],"wp:attachment":[{"href":"https:\/\/hier-luebeck.de\/index.php\/wp-json\/wp\/v2\/media?parent=462425"}],"wp:term":[{"taxonomy":"category","embeddable":true,"href":"https:\/\/hier-luebeck.de\/index.php\/wp-json\/wp\/v2\/categories?post=462425"},{"taxonomy":"post_tag","embeddable":true,"href":"https:\/\/hier-luebeck.de\/index.php\/wp-json\/wp\/v2\/tags?post=462425"}],"curies":[{"name":"wp","href":"https:\/\/api.w.org\/{rel}","templated":true}]}}