{"id":462427,"date":"2026-09-04T11:44:43","date_gmt":"2026-09-04T09:44:43","guid":{"rendered":"https:\/\/hier-luebeck.de\/index.php\/pol-hl-ostholstein-eutin-schwerer-verkehrsunfall-auf-der-l174-bei-eutin-zwei-personen-schwer-verletzt\/"},"modified":"2026-09-04T11:44:43","modified_gmt":"2026-09-04T09:44:43","slug":"pol-hl-ostholstein-eutin-schwerer-verkehrsunfall-auf-der-l174-bei-eutin-zwei-personen-schwer-verletzt","status":"publish","type":"post","link":"https:\/\/hier-luebeck.de\/index.php\/pol-hl-ostholstein-eutin-schwerer-verkehrsunfall-auf-der-l174-bei-eutin-zwei-personen-schwer-verletzt\/","title":{"rendered":"POL-HL: Ostholstein &#8211; Eutin \/ Schwerer Verkehrsunfall auf der L174 bei Eutin &#8211; zwei Personen schwer verletzt"},"content":{"rendered":"<p>L\u00fcbeck (ots) &#8211; <\/p>\n<p>Bei einem schweren Verkehrsunfall auf der Landesstra\u00dfe 174 nahe Eutin sind am Donnerstagnachmittag (03.09.2026) zwei M\u00e4nner schwer verletzt worden. Ein Mercedes geriet aus bislang ungekl\u00e4rter Ursache in den Gegenverkehr und kollidierte frontal mit einem entgegenkommenden Ford. Die L174 war f\u00fcr rund vier Stunden voll gesperrt.<br \/>\nNach bisherigen Erkenntnissen ereignete sich der Verkehrsunfall gegen 15:00 Uhr auf der L174 in der N\u00e4he von Eutin und unweit des Beuthiner Hofs.<\/p>\n<p><!--more--><\/p>\n<p>Ein 29-j\u00e4hriger Mann aus Ostholstein befuhr mit seinem Mercedes die Landesstra\u00dfe in Fahrtrichtung Malente. Aus bislang ungekl\u00e4rter Ursache geriet der Pkw w\u00e4hrend der Fahrt auf die Gegenfahrbahn. Dort kam es zum Frontalzusammensto\u00df mit einem entgegenkommenden Ford, der von einem 73-j\u00e4hrigen Mann, ebenfalls aus Ostholstein, gef\u00fchrt wurde.<br \/>\nAufgrund der gefahrenen Geschwindigkeiten war der Aufprall erheblich. Beide Fahrzeuge wurden stark deformiert und entsprechend besch\u00e4digt. Die beiden Fahrzeugf\u00fchrer erlitten nach ersten Erkenntnissen schwere Verletzungen und wurden durch den Rettungsdienst versorgt. Neben Polizei und Rettungsdienst war auch die Feuerwehr an der Unfallstelle im Einsatz. Beide Fahrzeuge waren nach der Kollision nicht mehr fahrbereit und mussten abgeschleppt werden. Da Betriebsstoffe aus den Fahrzeugen austraten, war zudem eine Reinigung der Fahrbahn erforderlich.<br \/>\nUnter den Unfallzeugen befanden sich auch Ersthelfer, welche sich bis zum Eintreffen der Rettungskr\u00e4fte um die beiden Verletzten k\u00fcmmerten.<br \/>\nF\u00fcr die Unfallaufnahme sowie die anschlie\u00dfenden Bergungs- und Reinigungsarbeiten musste die L174 von 15:00 Uhr bis circa 19:00 Uhr vollst\u00e4ndig gesperrt werden.<br \/>\nAufgrund der Schwere des Verkehrsunfalls wurde auf Antrag der Staatsanwaltschaft L\u00fcbeck ein Sachverst\u00e4ndiger zur Unfallstelle hinzugezogen. Dieser soll den Unfallhergang rekonstruieren und insbesondere die Unfallursache n\u00e4her untersuchen.<br \/>\nDie weiteren Ermittlungen werden durch das Polizeirevier Eutin gef\u00fchrt. Neben dem Anfangsverdacht der fahrl\u00e4ssigen K\u00f6rperverletzung ist dabei auch die Frage Gegenstand der Ermittlungen, ob der 29-j\u00e4hrige Mercedes-Fahrer unter Umst\u00e4nden w\u00e4hrend der Fahrt einen medizinischen Notfall erlitt. Ob ein solcher Notfall oder ein m\u00f6glicher Fahrfehler urs\u00e4chlich f\u00fcr das Abkommen auf die Gegenfahrbahn waren, ist noch nicht abschlie\u00dfend gekl\u00e4rt.<br \/>\nR\u00fcckfragen bitte an:<\/p>\n<p>Polizeidirektion L\u00fcbeck<br \/>\nStabsstelle\/\u00d6ffentlichkeitsarbeit<br \/>\nPhilipp Jagelle &#8211; Pressesprecher<br \/>\nTelefon: 0451-131-2005<br \/>\nE-Mail: pressestelle.luebeck.pd@polizei.landsh.de<\/p>\n<p>Original-Content von: Polizeidirektion L\u00fcbeck, \u00fcbermittelt durch news aktuell<\/p>\n<p>Dieser Beitrag wurde automatisch von Presseportal.de zur Verf\u00fcgung gestellt: https:\/\/www.presseportal.de\/blaulicht\/pm\/43738\/6345677<\/p>\n","protected":false},"excerpt":{"rendered":"<p>L\u00fcbeck (ots) &#8211; Bei einem schweren Verkehrsunfall auf der Landesstra\u00dfe 174 nahe Eutin sind am Donnerstagnachmittag (03.09.2026) zwei M\u00e4nner schwer<\/p>\n","protected":false},"author":0,"featured_media":0,"comment_status":"open","ping_status":"open","sticky":false,"template":"","format":"standard","meta":{"colormag_page_container_layout":"default_layout","colormag_page_sidebar_layout":"default_layout","footnotes":""},"categories":[1527],"tags":[],"class_list":["post-462427","post","type-post","status-publish","format-standard","hentry","category-blaulicht"],"_links":{"self":[{"href":"https:\/\/hier-luebeck.de\/index.php\/wp-json\/wp\/v2\/posts\/462427","targetHints":{"allow":["GET"]}}],"collection":[{"href":"https:\/\/hier-luebeck.de\/index.php\/wp-json\/wp\/v2\/posts"}],"about":[{"href":"https:\/\/hier-luebeck.de\/index.php\/wp-json\/wp\/v2\/types\/post"}],"replies":[{"embeddable":true,"href":"https:\/\/hier-luebeck.de\/index.php\/wp-json\/wp\/v2\/comments?post=462427"}],"version-history":[{"count":0,"href":"https:\/\/hier-luebeck.de\/index.php\/wp-json\/wp\/v2\/posts\/462427\/revisions"}],"wp:attachment":[{"href":"https:\/\/hier-luebeck.de\/index.php\/wp-json\/wp\/v2\/media?parent=462427"}],"wp:term":[{"taxonomy":"category","embeddable":true,"href":"https:\/\/hier-luebeck.de\/index.php\/wp-json\/wp\/v2\/categories?post=462427"},{"taxonomy":"post_tag","embeddable":true,"href":"https:\/\/hier-luebeck.de\/index.php\/wp-json\/wp\/v2\/tags?post=462427"}],"curies":[{"name":"wp","href":"https:\/\/api.w.org\/{rel}","templated":true}]}}