{"id":462428,"date":"2026-09-04T11:13:41","date_gmt":"2026-09-04T09:13:41","guid":{"rendered":"https:\/\/hier-luebeck.de\/index.php\/pol-se-20260904-1-elmshorn-fussgaengerin-von-bus-erfasst-frau-schwer-verletzt-polizei-sucht-zeugen\/"},"modified":"2026-09-04T11:13:41","modified_gmt":"2026-09-04T09:13:41","slug":"pol-se-20260904-1-elmshorn-fussgaengerin-von-bus-erfasst-frau-schwer-verletzt-polizei-sucht-zeugen","status":"publish","type":"post","link":"https:\/\/hier-luebeck.de\/index.php\/pol-se-20260904-1-elmshorn-fussgaengerin-von-bus-erfasst-frau-schwer-verletzt-polizei-sucht-zeugen\/","title":{"rendered":"POL-SE: 20260904.1: Elmshorn &#8211; Fu\u00dfg\u00e4ngerin von Bus erfasst &#8211; Frau schwer verletzt &#8211; Polizei sucht Zeugen"},"content":{"rendered":"<p>Elmshorn (ots) &#8211; <\/p>\n<p>Am Donnerstag (03.09.2026) kam es in Elmshorn zu einem Verkehrsunfall zwischen einer Fu\u00dfg\u00e4ngerin und einem Linienbus. Die Frau wurde hierbei lebensgef\u00e4hrlich verletzt und musste per Rettungshubschrauber in ein Krankenhaus geflogen werden. Die Polizei sucht Unfallzeugen.<br \/>\nNach bisherigen Erkenntnissen querte eine 84-j\u00e4hrige Fu\u00dfg\u00e4ngerin gegen 18:30 Uhr an der Kreuzung Westerstra\u00dfe \/ Klostersand \/ Wisch die Westerstra\u00dfe aus Richtung Klostersand kommend in Richtung Wisch an der Ampel auf der linken Stra\u00dfenseite.<\/p>\n<p><!--more--><\/p>\n<p>Der 63-j\u00e4hrige Fahrer eines Linienbusses (deutsche Staatsangeh\u00f6rigkeit) beabsichtigte aus der Stra\u00dfe Klostersand kommend nach links in die Westerstra\u00dfe abzubiegen. Dabei stie\u00df er mit der querenden Fu\u00dfg\u00e4ngerin zusammen.<br \/>\nDie 84-j\u00e4hrige Frau aus Elmshorn wurde durch den Aufprall lebensgef\u00e4hrlich verletzt und musste bis zum Eintreffen eines Notarztes reanimiert werden. Die Rettungskr\u00e4fte flogen sie dann mit einem Rettungshubschrauber in ein nahegelegenes Krankenhaus.<br \/>\nAuf Weisung der Staatsanwaltschaft Itzehoe zogen die eingesetzten Kr\u00e4fte einen Unfallsachverst\u00e4ndigen zur Unfallaufnahme hinzu.<br \/>\nDie Westerstra\u00dfe war auf H\u00f6he der Unfallstelle f\u00fcr die Dauer der Ma\u00dfnahmen etwa zwei Stunden in Fahrtrichtung der Stra\u00dfe K\u00f6hnholz voll gesperrt.<br \/>\nDas Polizeirevier Elmshorn f\u00fchrt die weitere Verkehrsunfallermittlung und sucht Zeugen, die das Unfallgeschehen beobachtet haben k\u00f6nnten.<br \/>\nSachdienliche Mitteilungen werden unter der Rufnummer 04121 \/ 8030 entgegengenommen.<br \/>\nR\u00fcckfragen bitte an:<\/p>\n<p>Polizeidirektion Bad Segeberg<br \/>\n&#8211; Pressestelle &#8211;<br \/>\nDorfstr. 16-18<br \/>\n23795 Bad Segeberg<\/p>\n<p>Niklas St\u00e4\u00df<br \/>\nTelefon: 04551-884-2020<br \/>\nE-Mail: pressestelle.badsegeberg@polizei.landsh.de<\/p>\n<p>Original-Content von: Polizeidirektion Bad Segeberg, \u00fcbermittelt durch news aktuell<\/p>\n<p>Dieser Beitrag wurde automatisch von Presseportal.de zur Verf\u00fcgung gestellt: https:\/\/www.presseportal.de\/blaulicht\/pm\/19027\/6345644<\/p>\n","protected":false},"excerpt":{"rendered":"<p>Elmshorn (ots) &#8211; Am Donnerstag (03.09.2026) kam es in Elmshorn zu einem Verkehrsunfall zwischen einer Fu\u00dfg\u00e4ngerin und einem Linienbus. Die<\/p>\n","protected":false},"author":0,"featured_media":0,"comment_status":"open","ping_status":"open","sticky":false,"template":"","format":"standard","meta":{"colormag_page_container_layout":"default_layout","colormag_page_sidebar_layout":"default_layout","footnotes":""},"categories":[1527],"tags":[],"class_list":["post-462428","post","type-post","status-publish","format-standard","hentry","category-blaulicht"],"_links":{"self":[{"href":"https:\/\/hier-luebeck.de\/index.php\/wp-json\/wp\/v2\/posts\/462428","targetHints":{"allow":["GET"]}}],"collection":[{"href":"https:\/\/hier-luebeck.de\/index.php\/wp-json\/wp\/v2\/posts"}],"about":[{"href":"https:\/\/hier-luebeck.de\/index.php\/wp-json\/wp\/v2\/types\/post"}],"replies":[{"embeddable":true,"href":"https:\/\/hier-luebeck.de\/index.php\/wp-json\/wp\/v2\/comments?post=462428"}],"version-history":[{"count":0,"href":"https:\/\/hier-luebeck.de\/index.php\/wp-json\/wp\/v2\/posts\/462428\/revisions"}],"wp:attachment":[{"href":"https:\/\/hier-luebeck.de\/index.php\/wp-json\/wp\/v2\/media?parent=462428"}],"wp:term":[{"taxonomy":"category","embeddable":true,"href":"https:\/\/hier-luebeck.de\/index.php\/wp-json\/wp\/v2\/categories?post=462428"},{"taxonomy":"post_tag","embeddable":true,"href":"https:\/\/hier-luebeck.de\/index.php\/wp-json\/wp\/v2\/tags?post=462428"}],"curies":[{"name":"wp","href":"https:\/\/api.w.org\/{rel}","templated":true}]}}