{"id":462429,"date":"2026-09-04T10:47:08","date_gmt":"2026-09-04T08:47:08","guid":{"rendered":"https:\/\/hier-luebeck.de\/index.php\/pol-hl-fehmarn-ostholstein-scheune-niedergebrannt\/"},"modified":"2026-09-04T10:47:08","modified_gmt":"2026-09-04T08:47:08","slug":"pol-hl-fehmarn-ostholstein-scheune-niedergebrannt","status":"publish","type":"post","link":"https:\/\/hier-luebeck.de\/index.php\/pol-hl-fehmarn-ostholstein-scheune-niedergebrannt\/","title":{"rendered":"POL-HL: Fehmarn\/Ostholstein Scheune niedergebrannt"},"content":{"rendered":"<p>L\u00fcbeck (ots) &#8211; <\/p>\n<p>Ein  Hofeigent\u00fcmer in Vadersdorf auf Fehmarn bemerkte in der Nacht (04.09.2026) Feuer an einer der zwei Scheunen auf dem Hof. Gleichzeitig h\u00e4tten auch Nachbarn das Feuer bemerkt und die Feuerwehr benachrichtigt. Menschen und Tiere wurden nicht verletzt. Die Scheune wurde nach dem L\u00f6schen eingerissen.<\/p>\n<p><!--more--><\/p>\n<p>Der Sachschaden liegt bei ca. 200.000 Euro. Die Kriminalpolizei hat die Ermittlungen zur Brandursache aufgenommen.<br \/>\nDer Eigent\u00fcmer bemerkte in der Nacht kurz vor 02.00 Uhr den Brand auf seinem Hof mit zwei Scheunen im Ortsteil Vadersdorf. Seine Frau h\u00e4tte die Pferde aus der angrenzenden Scheune geholt, zeitgleich h\u00e4tten Nachbarn die Feuerwehr alarmiert.<br \/>\nBeim Eintreffen der Feuerwehr h\u00e4tte die Scheune, die als Lagerhalle genutzt wurde bereits in Vollbrand gestanden. Nach Ende der L\u00f6scharbeiten musste das Geb\u00e4ude eingerissen werden.<br \/>\nMenschen und Tiere blieben unverletzt.<br \/>\nDie Schadensh\u00f6he d\u00fcrfte bei ca. 200.000 Euro liegen.<br \/>\nDie Kriminalpolizei hat die Ermittlungen zur Brandursache aufgenommen.<br \/>\nR\u00fcckfragen bitte an:<\/p>\n<p>Polizeidirektion L\u00fcbeck<br \/>\nPressestelle<br \/>\nSvenja Pries<br \/>\nTelefon: 49 (0) 451\/131-2004<br \/>\nFax: + 49 (0) 431\/988-6-342901<br \/>\nE-Mail: Pressestelle.Luebeck.PD@polizei.landsh.de<\/p>\n<p>Original-Content von: Polizeidirektion L\u00fcbeck, \u00fcbermittelt durch news aktuell<\/p>\n<p>Dieser Beitrag wurde automatisch von Presseportal.de zur Verf\u00fcgung gestellt: https:\/\/www.presseportal.de\/blaulicht\/pm\/43738\/6345592<\/p>\n","protected":false},"excerpt":{"rendered":"<p>L\u00fcbeck (ots) &#8211; Ein Hofeigent\u00fcmer in Vadersdorf auf Fehmarn bemerkte in der Nacht (04.09.2026) Feuer an einer der zwei Scheunen<\/p>\n","protected":false},"author":0,"featured_media":0,"comment_status":"open","ping_status":"open","sticky":false,"template":"","format":"standard","meta":{"colormag_page_container_layout":"default_layout","colormag_page_sidebar_layout":"default_layout","footnotes":""},"categories":[1527],"tags":[],"class_list":["post-462429","post","type-post","status-publish","format-standard","hentry","category-blaulicht"],"_links":{"self":[{"href":"https:\/\/hier-luebeck.de\/index.php\/wp-json\/wp\/v2\/posts\/462429","targetHints":{"allow":["GET"]}}],"collection":[{"href":"https:\/\/hier-luebeck.de\/index.php\/wp-json\/wp\/v2\/posts"}],"about":[{"href":"https:\/\/hier-luebeck.de\/index.php\/wp-json\/wp\/v2\/types\/post"}],"replies":[{"embeddable":true,"href":"https:\/\/hier-luebeck.de\/index.php\/wp-json\/wp\/v2\/comments?post=462429"}],"version-history":[{"count":0,"href":"https:\/\/hier-luebeck.de\/index.php\/wp-json\/wp\/v2\/posts\/462429\/revisions"}],"wp:attachment":[{"href":"https:\/\/hier-luebeck.de\/index.php\/wp-json\/wp\/v2\/media?parent=462429"}],"wp:term":[{"taxonomy":"category","embeddable":true,"href":"https:\/\/hier-luebeck.de\/index.php\/wp-json\/wp\/v2\/categories?post=462429"},{"taxonomy":"post_tag","embeddable":true,"href":"https:\/\/hier-luebeck.de\/index.php\/wp-json\/wp\/v2\/tags?post=462429"}],"curies":[{"name":"wp","href":"https:\/\/api.w.org\/{rel}","templated":true}]}}