{"id":462430,"date":"2026-09-04T10:45:31","date_gmt":"2026-09-04T08:45:31","guid":{"rendered":"https:\/\/hier-luebeck.de\/index.php\/pol-hl-hl-stadtbereich-st-lorenz-innenstadt-feuer-und-rauchentwicklungen-in-luebeck\/"},"modified":"2026-09-04T10:45:31","modified_gmt":"2026-09-04T08:45:31","slug":"pol-hl-hl-stadtbereich-st-lorenz-innenstadt-feuer-und-rauchentwicklungen-in-luebeck","status":"publish","type":"post","link":"https:\/\/hier-luebeck.de\/index.php\/pol-hl-hl-stadtbereich-st-lorenz-innenstadt-feuer-und-rauchentwicklungen-in-luebeck\/","title":{"rendered":"POL-HL: HL-Stadtbereich &#8211; St. Lorenz &#8211; Innenstadt \/ Feuer und Rauchentwicklungen in L\u00fcbeck"},"content":{"rendered":"<p>L\u00fcbeck (ots) &#8211; <\/p>\n<p>Am Donnerstagnachmittag (03.09.2026) kam es in einem Einfamilienhaus in L\u00fcbeck St. J\u00fcrgen und sp\u00e4ter am Abend in einem Gastronomiebetrieb in der L\u00fcbecker Innenstadt zu Rauchentwicklungen. Menschen wurden dabei nicht verletzt, es entstand auch kein Geb\u00e4udeschaden. Ursache der Rauchentwicklungen war jeweils ein technischer Defekt. In der Nacht zu Freitag (04.09.2026) brannte es zwei Mal in L\u00fcbeck St. Lorenz, wobei eine M\u00fclltonne und ein mobiles WC-H\u00e4uschen besch\u00e4digt wurden.<\/p>\n<p><!--more--><\/p>\n<p>Die Polizei hat die Ermittlungen aufgenommen und sucht Zeugen.<br \/>\nUm 15:45 Uhr (03.09.2026) r\u00fcckten Feuerwehr und Polizei aufgrund einer Rauchentwicklung in einem Einfamilienhaus in der Stresemannstra\u00dfe aus. Beim Eintreffen der Einsatzkr\u00e4fte waren keine offenen Flammen zu erkennen. Als Ursache der Rauchentwicklung konnte ein technischer Defekt an einer Heizungsanlage im Kellerbereich festgestellt werden. Es entstand kein Geb\u00e4udeschaden, Menschen wurden nicht verletzt.<br \/>\nAufgrund einer Rauchentwicklung und bei\u00dfenden Geruchs am Donnerstagabend gegen 20:45 Uhr mussten mehrere G\u00e4ste einen Gastronomiebetrieb in der Mengstra\u00dfe kurzfristig verlassen. Beim Eintreffen der alarmierten Einsatzkr\u00e4fte standen die Menschen unverletzt vor dem Eingangsbereich, offene Flammen waren nicht ersichtlich. Urs\u00e4chlich f\u00fcr die Rauchentwicklung war ein technischer Defekt der L\u00fcftungsanlage. Auch hier entstand  kein Geb\u00e4udeschaden. Knapp 25 Minuten sp\u00e4ter konnten die G\u00e4ste den Gastronomiebetrieb wieder betreten.<br \/>\nIn der Nacht zu Freitag (04.09.2026) bemerkte ein Zeuge gegen 02:45 Uhr eine brennende Papierm\u00fclltonne in einem Vorgarten in der Hansestra\u00dfe. Gemeinsam mit einem Passanten konnte er die Flammen mittels mitgef\u00fchrten Wassers l\u00f6schen.<br \/>\nKurz darauf, gegen 03.00 Uhr, meldete ein Zeuge ein Feuer an einem mobilen WC-H\u00e4uschen in der Hansestra\u00dfe. Mittels eines Feuerl\u00f6schers gelang es Beamten des 2. Polizeireviers, das Feuer zu l\u00f6schen. Einsatzkr\u00e4fte der ebenfalls alarmierten Berufsfeuerwehr k\u00fcmmerten sich um die Nachl\u00f6scharbeiten, damit die Flammen aufgrund der vorhandenen Hitze nicht wieder entfachten.<br \/>\nIm Rahmen der Nahbereichsfahndung stellten die Polizeibeamten keine Personen fest, die die Feuer in der Hansestra\u00dfe verursachten. Deswegen suchen die Ermittler Zeugen, die zwischen 02:30 Uhr und 03:30 Uhr verd\u00e4chtige Personen in der Hansestra\u00dfe zwischen dem T\u00f6pferweg und dem ZOB wahrgenommen haben. Hinweise nimmt die L\u00fcbecker Kriminalpolizei unter der zentralen Rufnummer 0451-1310 entgegen.<br \/>\nR\u00fcckfragen bitte an:<\/p>\n<p>Polizeidirektion L\u00fcbeck<br \/>\nStabsstelle \/ \u00d6ffentlichkeitsarbeit<br \/>\nUlli Fritz Gerlach &#8211; Pressesprecher &#8211;<br \/>\nTelefon: 0451 \/ 131-2006<br \/>\nFax: 0451 \/ 131 &#8211; 2019<br \/>\nE-Mail: Pressestelle.luebeck.pd@polizei.landsh.de<\/p>\n<p>Original-Content von: Polizeidirektion L\u00fcbeck, \u00fcbermittelt durch news aktuell<\/p>\n<p>Dieser Beitrag wurde automatisch von Presseportal.de zur Verf\u00fcgung gestellt: https:\/\/www.presseportal.de\/blaulicht\/pm\/43738\/6345589<\/p>\n","protected":false},"excerpt":{"rendered":"<p>L\u00fcbeck (ots) &#8211; Am Donnerstagnachmittag (03.09.2026) kam es in einem Einfamilienhaus in L\u00fcbeck St. J\u00fcrgen und sp\u00e4ter am Abend in<\/p>\n","protected":false},"author":0,"featured_media":0,"comment_status":"open","ping_status":"open","sticky":false,"template":"","format":"standard","meta":{"colormag_page_container_layout":"default_layout","colormag_page_sidebar_layout":"default_layout","footnotes":""},"categories":[1527],"tags":[],"class_list":["post-462430","post","type-post","status-publish","format-standard","hentry","category-blaulicht"],"_links":{"self":[{"href":"https:\/\/hier-luebeck.de\/index.php\/wp-json\/wp\/v2\/posts\/462430","targetHints":{"allow":["GET"]}}],"collection":[{"href":"https:\/\/hier-luebeck.de\/index.php\/wp-json\/wp\/v2\/posts"}],"about":[{"href":"https:\/\/hier-luebeck.de\/index.php\/wp-json\/wp\/v2\/types\/post"}],"replies":[{"embeddable":true,"href":"https:\/\/hier-luebeck.de\/index.php\/wp-json\/wp\/v2\/comments?post=462430"}],"version-history":[{"count":0,"href":"https:\/\/hier-luebeck.de\/index.php\/wp-json\/wp\/v2\/posts\/462430\/revisions"}],"wp:attachment":[{"href":"https:\/\/hier-luebeck.de\/index.php\/wp-json\/wp\/v2\/media?parent=462430"}],"wp:term":[{"taxonomy":"category","embeddable":true,"href":"https:\/\/hier-luebeck.de\/index.php\/wp-json\/wp\/v2\/categories?post=462430"},{"taxonomy":"post_tag","embeddable":true,"href":"https:\/\/hier-luebeck.de\/index.php\/wp-json\/wp\/v2\/tags?post=462430"}],"curies":[{"name":"wp","href":"https:\/\/api.w.org\/{rel}","templated":true}]}}