{"id":462433,"date":"2026-09-04T07:38:48","date_gmt":"2026-09-04T05:38:48","guid":{"rendered":"https:\/\/hier-luebeck.de\/index.php\/pol-rz-sattelzug-kommt-von-der-fahrbahn-ab-und-kollidiert-mit-einem-baum-fahrer-schwer-verletzt\/"},"modified":"2026-09-04T07:38:48","modified_gmt":"2026-09-04T05:38:48","slug":"pol-rz-sattelzug-kommt-von-der-fahrbahn-ab-und-kollidiert-mit-einem-baum-fahrer-schwer-verletzt","status":"publish","type":"post","link":"https:\/\/hier-luebeck.de\/index.php\/pol-rz-sattelzug-kommt-von-der-fahrbahn-ab-und-kollidiert-mit-einem-baum-fahrer-schwer-verletzt\/","title":{"rendered":"POL-RZ: Sattelzug kommt von der Fahrbahn ab und kollidiert mit einem Baum &#8211; Fahrer schwer verletzt"},"content":{"rendered":"<p>Ratzeburg (ots) &#8211; <\/p>\n<p>04.09.2026 | Kreis Stormarn  | 03.09.2026  &#8211; Ahrensburg<\/p>\n<p>Gestern Nachmittag gegen 13.55 Uhr ereignete sich auf der Landesstra\u00dfe 82 bei Ahrensburg ein Verkehrsunfall. Der Fahrer eines Sattelzuges verletzte sich dabei schwer.<br \/>\nNach bisherigen Erkenntnissen befuhr ein 45-J\u00e4hriger mit einem Sattelzug die Landesstra\u00dfe 82, Hamburger Stra\u00dfe aus Ahrensburg kommend in Fahrtrichtung der Einm\u00fcndung zur Stra\u00dfe Brauner Hirsch. Aus bislang ungekl\u00e4rter Ursache habe der Mecklenburger die Kontrolle \u00fcber den Sattelzug verloren.<\/p>\n<p><!--more--><\/p>\n<p>Er sei daraufhin zun\u00e4chst nach rechts von der Fahrbahn abgekommen und dort frontal mit einem Baum kollidiert.<br \/>\nMit Hilfe von Ersthelfern konnte der schwerverletzte 45-J\u00e4hrige die Fahrerkabine verlassen. Er wurde umgehend in ein Krankenhaus gebracht.<br \/>\nDie Ermittlungen zum Unfallgeschehen f\u00fchrt das Polizeirevier Ahrensburg.<br \/>\nR\u00fcckfragen bitte an:<\/p>\n<p>Polizeidirektion Ratzeburg<br \/>\n&#8211; Stabsstelle \/ Presse &#8211;<br \/>\nSandra Kilian<br \/>\nTelefon: 04541\/809-2011<br \/>\nE-Mail: Presse.Ratzeburg.PD@polizei.landsh.de<\/p>\n<p>Original-Content von: Polizeidirektion Ratzeburg, \u00fcbermittelt durch news aktuell<\/p>\n<p>Dieser Beitrag wurde automatisch von Presseportal.de zur Verf\u00fcgung gestellt: https:\/\/www.presseportal.de\/blaulicht\/pm\/43735\/6345412<\/p>\n","protected":false},"excerpt":{"rendered":"<p>Ratzeburg (ots) &#8211; 04.09.2026 | Kreis Stormarn | 03.09.2026 &#8211; Ahrensburg Gestern Nachmittag gegen 13.55 Uhr ereignete sich auf der<\/p>\n","protected":false},"author":0,"featured_media":0,"comment_status":"open","ping_status":"open","sticky":false,"template":"","format":"standard","meta":{"colormag_page_container_layout":"default_layout","colormag_page_sidebar_layout":"default_layout","footnotes":""},"categories":[1527],"tags":[],"class_list":["post-462433","post","type-post","status-publish","format-standard","hentry","category-blaulicht"],"_links":{"self":[{"href":"https:\/\/hier-luebeck.de\/index.php\/wp-json\/wp\/v2\/posts\/462433","targetHints":{"allow":["GET"]}}],"collection":[{"href":"https:\/\/hier-luebeck.de\/index.php\/wp-json\/wp\/v2\/posts"}],"about":[{"href":"https:\/\/hier-luebeck.de\/index.php\/wp-json\/wp\/v2\/types\/post"}],"replies":[{"embeddable":true,"href":"https:\/\/hier-luebeck.de\/index.php\/wp-json\/wp\/v2\/comments?post=462433"}],"version-history":[{"count":0,"href":"https:\/\/hier-luebeck.de\/index.php\/wp-json\/wp\/v2\/posts\/462433\/revisions"}],"wp:attachment":[{"href":"https:\/\/hier-luebeck.de\/index.php\/wp-json\/wp\/v2\/media?parent=462433"}],"wp:term":[{"taxonomy":"category","embeddable":true,"href":"https:\/\/hier-luebeck.de\/index.php\/wp-json\/wp\/v2\/categories?post=462433"},{"taxonomy":"post_tag","embeddable":true,"href":"https:\/\/hier-luebeck.de\/index.php\/wp-json\/wp\/v2\/tags?post=462433"}],"curies":[{"name":"wp","href":"https:\/\/api.w.org\/{rel}","templated":true}]}}