{"id":462434,"date":"2026-09-04T18:07:35","date_gmt":"2026-09-04T16:07:35","guid":{"rendered":"https:\/\/hier-luebeck.de\/?p=462434"},"modified":"2026-09-04T18:07:35","modified_gmt":"2026-09-04T16:07:35","slug":"erster-innovationstag-luebeck-ihk-und-wtsh-bringen-unternehmen-innovationsfoerderer-hochschul-und-transfereinrichtungen-zusammen","status":"publish","type":"post","link":"https:\/\/hier-luebeck.de\/index.php\/erster-innovationstag-luebeck-ihk-und-wtsh-bringen-unternehmen-innovationsfoerderer-hochschul-und-transfereinrichtungen-zusammen\/","title":{"rendered":"Erster Innovationstag L\u00fcbeck: IHK und WTSH bringen Unternehmen, Innovationsf\u00f6rderer, Hochschul- und Transfereinrichtungen zusammen"},"content":{"rendered":"<p>Die Dynamik von Innovationst\u00e4tigkeiten im Mittelstand h\u00e4ngt von vielen Faktoren ab. Auf dem von der IHK zu L\u00fcbeck und der Wirtschaftsf\u00f6rderung und Technologietransfer Schleswig-Holstein GmbH (WTSH) gemeinsam organisierten ersten Innovationstag L\u00fcbeck am Donnerstag, 17. September 2026, stehen praxisorientierte Hilfestellungen und die Entwicklung marktf\u00e4higer L\u00f6sungen in konkreten Schritten f\u00fcr kleine und mittlere Unternehmen im Mittelpunkt.<!--more--><\/p>\n<p>Kooperationen sind vor allem f\u00fcr kleine und mittlere Unternehmen essentiell, um Innovationsvorhaben zu entwickeln und zu realisieren. Der Austausch von Know-how und Praxiserfahrungen in thematisch aufgestellten Netzwerken stellt heraus, wo Synergien m\u00f6glich sind. Mitwirkende der Veranstaltung sind unter anderem FAB LAB L\u00fcbeck \u2013 die offene Hightech-Werkstatt, Zentrum f\u00fcr Transfer und Austausch der Universit\u00e4t zu L\u00fcbeck, Technische Hochschule L\u00fcbeck, Patentanw\u00e4lte Hemmer Lindfeld Frese Partnerschaft mbB, IHK zu L\u00fcbeck und WTSH GmbH.<\/p>\n<p>\u201eRaus aus der Innovationssackgasse: Mut statt Absicherung und Perfektion\u201c lautet der Titel des Key Note-Vortrags von Dr. Babette Sonntag. Die \u201eInnonautin\u201c und Head of Innovation Management der Stadtwerke L\u00fcbeck Digital GmbH hilft vision\u00e4ren Gr\u00fcnderinnen und Gr\u00fcndern mit japanisch inspirierten Methoden zu klarer Fokussierung und gibt greifbare Handlungsempfehlungen.<\/p>\n<p>Auf dem Programm stehen au\u00dferdem kurze Impulse zu den Themen:<\/p>\n<ul>\n<li><strong>Digitalisierung<\/strong> voranbringen: Beratung zur digitalen Transformation<\/li>\n<li><strong>F\u00f6rdermittel<\/strong> gezielt nutzen: Finanzierungsm\u00f6glichkeiten im \u00dcberblick<\/li>\n<li>Werte sichern: Schutz durch <strong>Patente<\/strong>, Marken und Designs<\/li>\n<li><strong>KI <\/strong>praxisnah einsetzen: Unterst\u00fctzung beim Einstieg und Ausbau<\/li>\n<li><strong>Energieeffizienz<\/strong> als Wettbewerbsvorteil: Wege zur klimaneutralen Transformation<em>\u00a0<\/em><\/li>\n<\/ul>\n<p>Die Teilnahme am Innovationstag L\u00fcbeck in der IHK zu L\u00fcbeck, Fackenburger Allee 2, 23554 L\u00fcbeck, am Donnerstag, 17. September 2026, 14 bis 17.30 Uhr, ist kostenfrei. Anmeldung und Informationen zum Programm gibt es im Internet: <a href=\"https:\/\/www.ihk.de\/schleswig-holstein\/system\/veranstaltungssuche\/vstdetail-doo\/7016856\/229216?terminId=229216\">Innovationstag L\u00fcbeck \u2013 Ideen erfolgreich in den Markt bringen &#8211; IHK Schleswig-Holstein<\/a><\/p>\n","protected":false},"excerpt":{"rendered":"<p>Die Dynamik von Innovationst\u00e4tigkeiten im Mittelstand h\u00e4ngt von vielen Faktoren ab. Auf dem von der IHK zu L\u00fcbeck und der<\/p>\n","protected":false},"author":4994,"featured_media":443421,"comment_status":"open","ping_status":"closed","sticky":false,"template":"","format":"standard","meta":{"colormag_page_container_layout":"default_layout","colormag_page_sidebar_layout":"default_layout","footnotes":""},"categories":[5,13],"tags":[28861,28863,28862],"class_list":["post-462434","post","type-post","status-publish","format-standard","has-post-thumbnail","hentry","category-politik-wirtschaft","category-veranstaltungen","tag-erster-innovationstag-luebeck-ihk-und-wtsh-bringen-unternehmen","tag-hochschul-und-transfereinrichtungen-zusammen","tag-innovationsfoerderer"],"_links":{"self":[{"href":"https:\/\/hier-luebeck.de\/index.php\/wp-json\/wp\/v2\/posts\/462434","targetHints":{"allow":["GET"]}}],"collection":[{"href":"https:\/\/hier-luebeck.de\/index.php\/wp-json\/wp\/v2\/posts"}],"about":[{"href":"https:\/\/hier-luebeck.de\/index.php\/wp-json\/wp\/v2\/types\/post"}],"author":[{"embeddable":true,"href":"https:\/\/hier-luebeck.de\/index.php\/wp-json\/wp\/v2\/users\/4994"}],"replies":[{"embeddable":true,"href":"https:\/\/hier-luebeck.de\/index.php\/wp-json\/wp\/v2\/comments?post=462434"}],"version-history":[{"count":1,"href":"https:\/\/hier-luebeck.de\/index.php\/wp-json\/wp\/v2\/posts\/462434\/revisions"}],"predecessor-version":[{"id":462435,"href":"https:\/\/hier-luebeck.de\/index.php\/wp-json\/wp\/v2\/posts\/462434\/revisions\/462435"}],"wp:featuredmedia":[{"embeddable":true,"href":"https:\/\/hier-luebeck.de\/index.php\/wp-json\/wp\/v2\/media\/443421"}],"wp:attachment":[{"href":"https:\/\/hier-luebeck.de\/index.php\/wp-json\/wp\/v2\/media?parent=462434"}],"wp:term":[{"taxonomy":"category","embeddable":true,"href":"https:\/\/hier-luebeck.de\/index.php\/wp-json\/wp\/v2\/categories?post=462434"},{"taxonomy":"post_tag","embeddable":true,"href":"https:\/\/hier-luebeck.de\/index.php\/wp-json\/wp\/v2\/tags?post=462434"}],"curies":[{"name":"wp","href":"https:\/\/api.w.org\/{rel}","templated":true}]}}