{"id":462439,"date":"2026-09-04T18:15:17","date_gmt":"2026-09-04T16:15:17","guid":{"rendered":"https:\/\/hier-luebeck.de\/?p=462439"},"modified":"2026-09-04T18:15:17","modified_gmt":"2026-09-04T16:15:17","slug":"seeleute-feen-und-gruene-wiesen","status":"publish","type":"post","link":"https:\/\/hier-luebeck.de\/index.php\/seeleute-feen-und-gruene-wiesen\/","title":{"rendered":"Seeleute, Feen und gr\u00fcne Wiesen"},"content":{"rendered":"<p>Foto: HL \u00b7 Literatur-Reisekonzert mit der Band \u201eBarfu\u00df\u201c am 11. September in der Stadtbibliothek.<\/p>\n<p>Am Freitag, 11. September 2026, l\u00e4dt die Stadtbibliothek L\u00fcbeck, Hundestra\u00dfe 5 \u201317, wieder einmal zu einem Literatur-Reisekonzert ein. Ab 17 Uhr bringt die Band \u201eBarfu\u00df\u201c die Musikbibliothek auf Ebene 3 zum Klingen. Heitere und besinnliche Texte aus und \u00fcber Irland erz\u00e4hlen von Land, Leuten und dem Leben auf der &#8222;gr\u00fcnen Insel&#8220;.<!--more-->Dazu erklingt irische Folkmusik, live gespielt. Besetzung: Geige \u2013 Gesa Daniel, Blockfl\u00f6ten \u2013 Anne-Katrin Voutta, Gitarre \u2013 Sini\u0161a Be\u010danovi\u0107, Kontrabass \u2013 Christian von Seebeck. Der Eintritt ist frei. Eine Anmeldung ist nicht erforderlich. Fr\u00fches Erscheinen sichert die besten Pl\u00e4tze.<\/p>\n","protected":false},"excerpt":{"rendered":"<p>Foto: HL \u00b7 Literatur-Reisekonzert mit der Band \u201eBarfu\u00df\u201c am 11. September in der Stadtbibliothek. Am Freitag, 11. September 2026, l\u00e4dt<\/p>\n","protected":false},"author":4994,"featured_media":443915,"comment_status":"open","ping_status":"closed","sticky":false,"template":"","format":"standard","meta":{"colormag_page_container_layout":"default_layout","colormag_page_sidebar_layout":"default_layout","footnotes":""},"categories":[15,13],"tags":[28866,28865],"class_list":["post-462439","post","type-post","status-publish","format-standard","has-post-thumbnail","hentry","category-kultur","category-veranstaltungen","tag-feen-und-gruene-wiesen","tag-seeleute"],"_links":{"self":[{"href":"https:\/\/hier-luebeck.de\/index.php\/wp-json\/wp\/v2\/posts\/462439","targetHints":{"allow":["GET"]}}],"collection":[{"href":"https:\/\/hier-luebeck.de\/index.php\/wp-json\/wp\/v2\/posts"}],"about":[{"href":"https:\/\/hier-luebeck.de\/index.php\/wp-json\/wp\/v2\/types\/post"}],"author":[{"embeddable":true,"href":"https:\/\/hier-luebeck.de\/index.php\/wp-json\/wp\/v2\/users\/4994"}],"replies":[{"embeddable":true,"href":"https:\/\/hier-luebeck.de\/index.php\/wp-json\/wp\/v2\/comments?post=462439"}],"version-history":[{"count":1,"href":"https:\/\/hier-luebeck.de\/index.php\/wp-json\/wp\/v2\/posts\/462439\/revisions"}],"predecessor-version":[{"id":462440,"href":"https:\/\/hier-luebeck.de\/index.php\/wp-json\/wp\/v2\/posts\/462439\/revisions\/462440"}],"wp:featuredmedia":[{"embeddable":true,"href":"https:\/\/hier-luebeck.de\/index.php\/wp-json\/wp\/v2\/media\/443915"}],"wp:attachment":[{"href":"https:\/\/hier-luebeck.de\/index.php\/wp-json\/wp\/v2\/media?parent=462439"}],"wp:term":[{"taxonomy":"category","embeddable":true,"href":"https:\/\/hier-luebeck.de\/index.php\/wp-json\/wp\/v2\/categories?post=462439"},{"taxonomy":"post_tag","embeddable":true,"href":"https:\/\/hier-luebeck.de\/index.php\/wp-json\/wp\/v2\/tags?post=462439"}],"curies":[{"name":"wp","href":"https:\/\/api.w.org\/{rel}","templated":true}]}}