{"id":462444,"date":"2026-09-04T18:50:08","date_gmt":"2026-09-04T16:50:08","guid":{"rendered":"https:\/\/hier-luebeck.de\/?p=462444"},"modified":"2026-09-04T18:50:08","modified_gmt":"2026-09-04T16:50:08","slug":"2-euro-oben-drauf-4-130-reinigungskraefte-halten-luebeck-sauber-und-sollen-dafuer-mehr-verdienen","status":"publish","type":"post","link":"https:\/\/hier-luebeck.de\/index.php\/2-euro-oben-drauf-4-130-reinigungskraefte-halten-luebeck-sauber-und-sollen-dafuer-mehr-verdienen\/","title":{"rendered":"2 Euro oben drauf: 4.130 Reinigungskr\u00e4fte halten L\u00fcbeck sauber und sollen daf\u00fcr mehr verdienen"},"content":{"rendered":"<p>Foto: IG BAU | Florian G\u00f6ricke \u00b7 IG BAU fordert Mindestlohn von 17 Euro pro Stunde f\u00fcr die Geb\u00e4udereinigung<\/p>\n<p>F\u00fcr saubere B\u00fcros, Kitas und Klassenzimmer: Wer die Hansestadt in Schuss h\u00e4lt, soll daf\u00fcr auch mehr verdienen. Daf\u00fcr macht sich die IG BAU Holstein stark. Die Geb\u00e4udereiniger-Gewerkschaft fordert 2 Euro mehr pro Stunde. \u201eUnd das f\u00fcr alle, die professionell im Geb\u00e4udereiniger-Handwerk arbeiten \u2013 drinnen in Altenheimen oder Betrieben genauso wie drau\u00dfen an der Fensterfassade\u201c, sagt der Vorsitzende der IG BAU Holstein, Ralf Olschewski, zur aktuellen Tarifforderung seiner Gewerkschaft f\u00fcr das Geb\u00e4udereiniger-Handwerk.<!--more-->Der Mindestlohn f\u00fcr die Geb\u00e4udereinigung w\u00fcrde dann auf 17 Euro pro Stunde steigen. F\u00fcr die Glas- und Fassadenreinigung fordert die Gewerkschaft einen Stundenlohn von k\u00fcnftig 20,40 Euro. Insgesamt arbeiten rund 4.130 Besch\u00e4ftigte in 96 Unternehmen der Geb\u00e4udereiniger-Branche in L\u00fcbeck. \u201eDie Inflation ist jetzt wieder nach oben gegangen.<\/p>\n<p>Die Preise ziehen an: Mieten, Sprit, Lebensmittel. Das trifft die Reinigungskr\u00e4fte h\u00e4rter als die meisten anderen, weil sie viel zu wenig verdienen \u2013 vor allem auch f\u00fcr die harte Arbeit, die sie machen. Es wird deshalb Zeit, beim Lohn in der Geb\u00e4udereinigung aufzuholen\u201c, so Ralf Olschewski. Die Verhandlungen dazu starten nach Angaben der IG BAU noch im September.<\/p>\n","protected":false},"excerpt":{"rendered":"<p>Foto: IG BAU | Florian G\u00f6ricke \u00b7 IG BAU fordert Mindestlohn von 17 Euro pro Stunde f\u00fcr die Geb\u00e4udereinigung F\u00fcr<\/p>\n","protected":false},"author":4994,"featured_media":462445,"comment_status":"closed","ping_status":"closed","sticky":false,"template":"","format":"standard","meta":{"colormag_page_container_layout":"default_layout","colormag_page_sidebar_layout":"default_layout","footnotes":""},"categories":[5],"tags":[28868],"class_list":["post-462444","post","type-post","status-publish","format-standard","has-post-thumbnail","hentry","category-politik-wirtschaft","tag-2-euro-oben-drauf-4-130-reinigungskraefte-halten-luebeck-sauber-und-sollen-dafuer-mehr-verdienen"],"_links":{"self":[{"href":"https:\/\/hier-luebeck.de\/index.php\/wp-json\/wp\/v2\/posts\/462444","targetHints":{"allow":["GET"]}}],"collection":[{"href":"https:\/\/hier-luebeck.de\/index.php\/wp-json\/wp\/v2\/posts"}],"about":[{"href":"https:\/\/hier-luebeck.de\/index.php\/wp-json\/wp\/v2\/types\/post"}],"author":[{"embeddable":true,"href":"https:\/\/hier-luebeck.de\/index.php\/wp-json\/wp\/v2\/users\/4994"}],"replies":[{"embeddable":true,"href":"https:\/\/hier-luebeck.de\/index.php\/wp-json\/wp\/v2\/comments?post=462444"}],"version-history":[{"count":1,"href":"https:\/\/hier-luebeck.de\/index.php\/wp-json\/wp\/v2\/posts\/462444\/revisions"}],"predecessor-version":[{"id":462446,"href":"https:\/\/hier-luebeck.de\/index.php\/wp-json\/wp\/v2\/posts\/462444\/revisions\/462446"}],"wp:featuredmedia":[{"embeddable":true,"href":"https:\/\/hier-luebeck.de\/index.php\/wp-json\/wp\/v2\/media\/462445"}],"wp:attachment":[{"href":"https:\/\/hier-luebeck.de\/index.php\/wp-json\/wp\/v2\/media?parent=462444"}],"wp:term":[{"taxonomy":"category","embeddable":true,"href":"https:\/\/hier-luebeck.de\/index.php\/wp-json\/wp\/v2\/categories?post=462444"},{"taxonomy":"post_tag","embeddable":true,"href":"https:\/\/hier-luebeck.de\/index.php\/wp-json\/wp\/v2\/tags?post=462444"}],"curies":[{"name":"wp","href":"https:\/\/api.w.org\/{rel}","templated":true}]}}