{"id":462447,"date":"2026-09-04T18:52:39","date_gmt":"2026-09-04T16:52:39","guid":{"rendered":"https:\/\/hier-luebeck.de\/?p=462447"},"modified":"2026-09-04T18:52:39","modified_gmt":"2026-09-04T16:52:39","slug":"landesbauerntag-landwirtschaftsministerin-schmachtenberg-stellt-ernaehrungssicherheit-und-zukunftsfaehigkeit-der-betriebe-in-den-mittelpunkt","status":"publish","type":"post","link":"https:\/\/hier-luebeck.de\/index.php\/landesbauerntag-landwirtschaftsministerin-schmachtenberg-stellt-ernaehrungssicherheit-und-zukunftsfaehigkeit-der-betriebe-in-den-mittelpunkt\/","title":{"rendered":"Landesbauerntag: Landwirtschaftsministerin Schmachtenberg stellt Ern\u00e4hrungssicherheit und Zukunftsf\u00e4higkeit der Betriebe in den Mittelpunkt"},"content":{"rendered":"<p>RENDSBURG. Ern\u00e4hrungssicherheit braucht leistungsf\u00e4hige landwirtschaftliche Betriebe: Das hat Landwirtschaftsministerin Cornelia Schmachtenberg heute (4. September) beim Landesbauerntag betont und den Landwirtinnen und Landwirten f\u00fcr ihre t\u00e4gliche Arbeit gedankt. Angesichts von Kriegen, gest\u00f6rten Lieferketten und Klimarisiken sei es eine wichtige Aufgabe f\u00fcr Schleswig-Holstein, die heimische Landwirtschaft zu sichern und den Betrieben verl\u00e4ssliche Perspektiven zu geben.<!--more-->\u201eDass jeden Tag genug gutes Essen auf unseren Tischen steht, ist keine Selbstverst\u00e4ndlichkeit. Das ist Ihre Leistung. Daf\u00fcr verdienen Sie Respekt, Verl\u00e4sslichkeit und politische Rahmenbedingungen, auf die Sie sich verlassen k\u00f6nnen. Ich will, dass wir auch in Zukunft eine starke heimische Landwirtschaft haben\u201c, sagte Schmachtenberg.<\/p>\n<p>Hohe Kosten, volatile M\u00e4rkte und enge wirtschaftliche Spielr\u00e4ume belasten derzeit viele Betriebe. Nicht jeder Marktausschlag lasse sich politisch ausgleichen. Umso wichtiger seien langfristige und verl\u00e4ssliche Rahmenbedingungen, so die Ministerin. Dazu geh\u00f6re auch eine eigenst\u00e4ndige Gemeinsame Agrarpolitik mit einem verl\u00e4sslichen und ausreichend ausgestatteten Agrarbudget. Wer von den Betrieben zus\u00e4tzliche Leistungen f\u00fcr Tierwohl, Klima- und Umweltschutz erwarte, m\u00fcsse diese auch angemessen honorieren.<\/p>\n<p>Dazu z\u00e4hlt f\u00fcr Schmachtenberg auch der Abbau unn\u00f6tiger B\u00fcrokratie. In der Kernarbeitsgruppe Entb\u00fcrokratisierung entwickeln das MLLEV, die Landwirtschaftskammer und der Bauernverband Schleswig-Holstein gemeinsam konkrete Ma\u00dfnahmen, um Dokumentationspflichten zu reduzieren, Regelungen praxistauglicher zu gestalten und Verfahren zu beschleunigen. Hinweise aus der landwirtschaftlichen Praxis flie\u00dfen dabei unmittelbar ein. Erste Entlastungen hat das Land bereits umgesetzt: Es hat unter anderem die Fristen bei den Wirtschaftsd\u00fcngermeldungen verl\u00e4ngert und Ausl\u00e4ufe bei Tierwohlst\u00e4llen unter bestimmten Voraussetzungen genehmigungsfrei gestellt. Zudem entwickelt das Land derzeit ein Konzept f\u00fcr ein zentrales Datenportal, um k\u00fcnftig doppelte Dateneingaben zu vermeiden.<\/p>\n<p>Schmachtenberg sieht auch in einer zukunftsf\u00e4higen heimischen Tierhaltung einen wichtigen Beitrag zur Ern\u00e4hrungssicherheit. Rund 71 Prozent der landwirtschaftlichen Betriebe in Schleswig-Holstein halten Nutztiere; 2023 entfielen 52 Prozent des landwirtschaftlichen Produktionswerts auf tierische Erzeugnisse. Mit dem Perspektivpapier \u201eLandwirtschaftliche Tierhaltung 2040 in Schleswig-Holstein\u201c gebe das Land den Betrieben einen langfristigen Orientierungsrahmen. \u201eWir stehen zur Tierhaltung in Schleswig-Holstein und wollen, dass sie hier eine Zukunft hat\u201c, sagte Schmachtenberg.<\/p>\n<p>Kritisch \u00e4u\u00dferte sich die Ministerin zur EU-Wiederherstellungsverordnung. Eine ausreichende und langfristige Finanzierung der Umsetzung sei weiterhin nicht gesichert. Die Verordnung sei in ihrer jetzigen Form nicht praxistauglich. Bei der bevorstehenden Agrarministerkonferenz werde sich Schmachtenberg deshalb f\u00fcr eine zus\u00e4tzliche Finanzierung durch Bund und EU, mehr Mitsprache der L\u00e4nder und eine st\u00e4rkere Beteiligung der Betroffenen im weiteren Verfahren einsetzen.<\/p>\n","protected":false},"excerpt":{"rendered":"<p>RENDSBURG. Ern\u00e4hrungssicherheit braucht leistungsf\u00e4hige landwirtschaftliche Betriebe: Das hat Landwirtschaftsministerin Cornelia Schmachtenberg heute (4. September) beim Landesbauerntag betont und den Landwirtinnen<\/p>\n","protected":false},"author":4994,"featured_media":444485,"comment_status":"open","ping_status":"closed","sticky":false,"template":"","format":"standard","meta":{"colormag_page_container_layout":"default_layout","colormag_page_sidebar_layout":"default_layout","footnotes":""},"categories":[5],"tags":[28869],"class_list":["post-462447","post","type-post","status-publish","format-standard","has-post-thumbnail","hentry","category-politik-wirtschaft","tag-landesbauerntag-landwirtschaftsministerin-schmachtenberg-stellt-ernaehrungssicherheit-und-zukunftsfaehigkeit-der-betriebe-in-den-mittelpunkt"],"_links":{"self":[{"href":"https:\/\/hier-luebeck.de\/index.php\/wp-json\/wp\/v2\/posts\/462447","targetHints":{"allow":["GET"]}}],"collection":[{"href":"https:\/\/hier-luebeck.de\/index.php\/wp-json\/wp\/v2\/posts"}],"about":[{"href":"https:\/\/hier-luebeck.de\/index.php\/wp-json\/wp\/v2\/types\/post"}],"author":[{"embeddable":true,"href":"https:\/\/hier-luebeck.de\/index.php\/wp-json\/wp\/v2\/users\/4994"}],"replies":[{"embeddable":true,"href":"https:\/\/hier-luebeck.de\/index.php\/wp-json\/wp\/v2\/comments?post=462447"}],"version-history":[{"count":1,"href":"https:\/\/hier-luebeck.de\/index.php\/wp-json\/wp\/v2\/posts\/462447\/revisions"}],"predecessor-version":[{"id":462448,"href":"https:\/\/hier-luebeck.de\/index.php\/wp-json\/wp\/v2\/posts\/462447\/revisions\/462448"}],"wp:featuredmedia":[{"embeddable":true,"href":"https:\/\/hier-luebeck.de\/index.php\/wp-json\/wp\/v2\/media\/444485"}],"wp:attachment":[{"href":"https:\/\/hier-luebeck.de\/index.php\/wp-json\/wp\/v2\/media?parent=462447"}],"wp:term":[{"taxonomy":"category","embeddable":true,"href":"https:\/\/hier-luebeck.de\/index.php\/wp-json\/wp\/v2\/categories?post=462447"},{"taxonomy":"post_tag","embeddable":true,"href":"https:\/\/hier-luebeck.de\/index.php\/wp-json\/wp\/v2\/tags?post=462447"}],"curies":[{"name":"wp","href":"https:\/\/api.w.org\/{rel}","templated":true}]}}