{"id":46604,"date":"2011-10-28T23:52:37","date_gmt":"2011-10-28T21:52:37","guid":{"rendered":"http:\/\/www.hier-luebeck.de\/?p=46604"},"modified":"2011-10-28T23:52:37","modified_gmt":"2011-10-28T21:52:37","slug":"bundesverfassungsgericht-hat-heute-einem-eilantrag-zum-stopp-des-efsf-sondergremiums-stattgegeben","status":"publish","type":"post","link":"https:\/\/hier-luebeck.de\/index.php\/bundesverfassungsgericht-hat-heute-einem-eilantrag-zum-stopp-des-efsf-sondergremiums-stattgegeben\/","title":{"rendered":"Bundesverfassungsgericht hat heute einem Eilantrag zum Stopp des EFSF-Sondergremiums stattgegeben"},"content":{"rendered":"<div id=\"magicdomid1792\">Das <a title=\"http:\/\/presse.piratenpartei.de\/sites\/all\/modules\/civicrm\/extern\/url.php?u=352&amp;qid=26711\" href=\"http:\/\/presse.piratenpartei.de\/sites\/all\/modules\/civicrm\/extern\/url.php?u=352&amp;qid=26711\">Bundesverfassungsgericht  hat heute einem Eilantrag<\/a> zum Stopp des EFSF-Sondergremiums stattgegeben.  Die Piratenpartei begr\u00fc\u00dft diese Entscheidung und fordert transparente  Entscheidungsprozesse im Parlament f\u00fcr derart weitreichende und umfassende  Entscheidungen.\u00bb<em>Das K\u00f6nigsrecht des  Bundestages, n\u00e4mlich die Kontrolle \u00fcber den Haushalt, bleibt somit erst einmal  gewahrt<\/em>\u00ab, so Sebastian Nerz, Bundesvorsitzender der Piratenpartei  Deutschland. \u00bb<em>Es ist unfassbar, dass die Beratungen \u00fcber Summen, die etwa  zwei Drittel des<\/em><em><strong> Gesamthaushaltes <\/strong><\/em><em>entsprechen, in ein kleines, intransparentes Gremium  verlagert werden sollten. Die Entscheidung des Bundesverfassungsgerichtes ist  ein wichtiger Schritt zum Erhalt repr\u00e4sentativ-demokratischer Prinzipien in  Deutschland.<\/em>\u00ab<!--more--><\/div>\n<div id=\"magicdomid1794\">Er f\u00fcgt hinzu: \u00bb<em>Dass es aber  \u00fcberhaupt zu dieser Entscheidung kommen musste, ist traurig. Leider ist es ein  immer st\u00e4rker werdender Trend, dass nur noch das Verfassungsgericht elementare  Grundrechte und demokratische Pfeiler in Deutschland aufrecht erh\u00e4lt und immer  h\u00e4ufiger gegen den Bundestag entscheiden muss. Ich w\u00fcrde mich freuen, wenn die  Parlamentarier und die Regierung sich wieder an ihre Verpflichtung gegen\u00fcber  Deutschland und seinem Grundgesetz erinnern w\u00fcrden.<\/em>\u00ab<\/div>\n<div id=\"magicdomid1796\">Die Bundesregierung wollte  Kompetenzen zur Entscheidung \u00fcber die Europ\u00e4ische Finanzstabilisierungsfazilit\u00e4t  an ein Sondergremium abgeben. Dieses sollte aus den Reihen des  Haushaltsausschusses bestimmt werden. Das Bundesverfassungsgericht hat diese  Pl\u00e4ne heute in einer einstweiligen Anordnung gestoppt.<\/div>\n<div>\n<div id=\"magicdomid2487\"><em>Erl\u00e4uterung:<\/em><\/div>\n<div id=\"magicdomid2488\"><em>\u00dcber die Europ\u00e4ische  Finanzstabilisierungsfazilit\u00e4t:<\/em><\/div>\n<div id=\"magicdomid2489\"><em>Die Europ\u00e4ische  Finanzstabilisierungsfazilit\u00e4t (EFSF, englisch European Financial Stability  Facility) ist eine Aktiengesellschaft nach luxemburgischem Recht mit Sitz in der  Hauptstadt Luxemburg. Sie hat den Zweck, im Krisenfall zinsg\u00fcnstig Kredite von  bis zu 440 Milliarden Euro aufzunehmen. Dazu begibt sie Anleihen, f\u00fcr die ihre  Mitgliedstaaten bis zum vereinbarten Betrag haften. Die Einnahmen aus dem  Anleiheverkauf werden an die finanziell angeschlagenen Mitgliedstaaten  weitergereicht, weil diese L\u00e4nder am Kapitalmarkt nicht mehr (wegen schlechter  Bonit\u00e4t) zu bezahlbaren Zinsen Kredite aufnehmen oder Anleihen begeben k\u00f6nnen.  <a title=\"http:\/\/presse.piratenpartei.de\/sites\/all\/modules\/civicrm\/extern\/url.php?u=353&amp;qid=26711\" href=\"http:\/\/presse.piratenpartei.de\/sites\/all\/modules\/civicrm\/extern\/url.php?u=353&amp;qid=26711\">(Quelle:  Wikipedia)<\/a><br \/>\n<\/em><\/div>\n<div id=\"magicdomid2491\"><em>\u00dcber das  EFSF-Sondergremium im deutschen Bundestag:<\/em><\/div>\n<div id=\"magicdomid2497\"><em>Das nun einstweilig  blockierte Sondergremium besteht aus 9 Abgeordneten. Es sollte in besonders  eiligen F\u00e4llen rasch Zustimmung f\u00fcr EFSF-Hilfen geben. Eingerichtet wurde es  erst, nachdem das Bundesverfassungsgericht das Mitspracherecht des Bundestags  bei der Verwendung der EFSF gest\u00e4rkt hatte. Das Gremium sollte am heutigen  Freitag (28.10.2011) im Bundestag zu seiner konstituierenden Sitzung  zusammenkommen. <a title=\"http:\/\/presse.piratenpartei.de\/sites\/all\/modules\/civicrm\/extern\/url.php?u=354&amp;qid=26711\" href=\"http:\/\/presse.piratenpartei.de\/sites\/all\/modules\/civicrm\/extern\/url.php?u=354&amp;qid=26711\">(Quelle:  FAZ)<\/a><\/em><\/div>\n<\/div>\n","protected":false},"excerpt":{"rendered":"<p>Das Bundesverfassungsgericht hat heute einem Eilantrag zum Stopp des EFSF-Sondergremiums stattgegeben. Die Piratenpartei begr\u00fc\u00dft diese Entscheidung und fordert transparente Entscheidungsprozesse<\/p>\n","protected":false},"author":3,"featured_media":0,"comment_status":"open","ping_status":"open","sticky":false,"template":"","format":"standard","meta":{"colormag_page_container_layout":"default_layout","colormag_page_sidebar_layout":"default_layout","footnotes":""},"categories":[5],"tags":[],"class_list":["post-46604","post","type-post","status-publish","format-standard","hentry","category-politik-wirtschaft"],"_links":{"self":[{"href":"https:\/\/hier-luebeck.de\/index.php\/wp-json\/wp\/v2\/posts\/46604","targetHints":{"allow":["GET"]}}],"collection":[{"href":"https:\/\/hier-luebeck.de\/index.php\/wp-json\/wp\/v2\/posts"}],"about":[{"href":"https:\/\/hier-luebeck.de\/index.php\/wp-json\/wp\/v2\/types\/post"}],"author":[{"embeddable":true,"href":"https:\/\/hier-luebeck.de\/index.php\/wp-json\/wp\/v2\/users\/3"}],"replies":[{"embeddable":true,"href":"https:\/\/hier-luebeck.de\/index.php\/wp-json\/wp\/v2\/comments?post=46604"}],"version-history":[{"count":0,"href":"https:\/\/hier-luebeck.de\/index.php\/wp-json\/wp\/v2\/posts\/46604\/revisions"}],"wp:attachment":[{"href":"https:\/\/hier-luebeck.de\/index.php\/wp-json\/wp\/v2\/media?parent=46604"}],"wp:term":[{"taxonomy":"category","embeddable":true,"href":"https:\/\/hier-luebeck.de\/index.php\/wp-json\/wp\/v2\/categories?post=46604"},{"taxonomy":"post_tag","embeddable":true,"href":"https:\/\/hier-luebeck.de\/index.php\/wp-json\/wp\/v2\/tags?post=46604"}],"curies":[{"name":"wp","href":"https:\/\/api.w.org\/{rel}","templated":true}]}}