{"id":4691,"date":"2007-10-24T13:37:05","date_gmt":"2007-10-24T13:37:05","guid":{"rendered":"http:\/\/testserver\/wordpress\/?p=4591"},"modified":"2007-10-24T13:37:05","modified_gmt":"2007-10-24T13:37:05","slug":"eulenpost_harrypotternacht_zur_geisterstunde_in_der_hxstrae","status":"publish","type":"post","link":"https:\/\/hier-luebeck.de\/index.php\/eulenpost_harrypotternacht_zur_geisterstunde_in_der_hxstrae\/","title":{"rendered":"EULEN-Post: Harry-Potter-Nacht zur Geisterstunde in der H\u00fcxstra\u00dfe"},"content":{"rendered":"<p><img decoding=\"async\" title=\"HuexstrasseLogo\" src=\"http:\/\/www.hier-luebeck.de\/images\/topics\/HuexstrasseLogo.jpg\" alt=\"HuexstrasseLogo\" \/><br \/>\nDie Buchhandlung ARNO ADLER veranstaltet in der Nacht vom 26. auf den 27. Oktober 2007 eine Harry Potter Nacht im Garten des Restaurant Miera (H\u00fcxstr. 57).<\/p>\n<p>Eingeladen sind alle Harry Potter Leser, die den VII. Band &#8222;Harry Potter und die Heiligt\u00fcmer des Todes&#8220;  in der Buchhandlung ARNO ADLER vorgemerkt haben.<!--more-->Thomas Baltrock, bekennender Harry-Potter-Fan, wird das letzte Kapitel aus Harry Potter VI lesen, die Musikerin Laila wird singen und tanzen und selbstverst\u00e4ndlich h\u00e4lt Herr Miera den &#8222;Zaubertrunk&#8220; bereit. Weitere \u00dcberraschungen sind geplant!<\/p>\n<p>Es sind noch einige Pl\u00e4tze vorhanden, die Einladung erh\u00e4lt man in der Buchhandlung ARNO ADLER. <\/p>\n<p>Freitag, den 26. September 2007 um 23.30 Uhr im Garten des Restaurants MIERA (H\u00fcxstr. 57).<\/p>\n","protected":false},"excerpt":{"rendered":"<p>Die Buchhandlung ARNO ADLER veranstaltet in der Nacht vom 26. auf den 27. Oktober 2007 eine Harry Potter Nacht im<\/p>\n","protected":false},"author":3,"featured_media":0,"comment_status":"open","ping_status":"open","sticky":false,"template":"","format":"standard","meta":{"colormag_page_container_layout":"default_layout","colormag_page_sidebar_layout":"default_layout","footnotes":""},"categories":[13],"tags":[],"class_list":["post-4691","post","type-post","status-publish","format-standard","hentry","category-veranstaltungen"],"_links":{"self":[{"href":"https:\/\/hier-luebeck.de\/index.php\/wp-json\/wp\/v2\/posts\/4691","targetHints":{"allow":["GET"]}}],"collection":[{"href":"https:\/\/hier-luebeck.de\/index.php\/wp-json\/wp\/v2\/posts"}],"about":[{"href":"https:\/\/hier-luebeck.de\/index.php\/wp-json\/wp\/v2\/types\/post"}],"author":[{"embeddable":true,"href":"https:\/\/hier-luebeck.de\/index.php\/wp-json\/wp\/v2\/users\/3"}],"replies":[{"embeddable":true,"href":"https:\/\/hier-luebeck.de\/index.php\/wp-json\/wp\/v2\/comments?post=4691"}],"version-history":[{"count":0,"href":"https:\/\/hier-luebeck.de\/index.php\/wp-json\/wp\/v2\/posts\/4691\/revisions"}],"wp:attachment":[{"href":"https:\/\/hier-luebeck.de\/index.php\/wp-json\/wp\/v2\/media?parent=4691"}],"wp:term":[{"taxonomy":"category","embeddable":true,"href":"https:\/\/hier-luebeck.de\/index.php\/wp-json\/wp\/v2\/categories?post=4691"},{"taxonomy":"post_tag","embeddable":true,"href":"https:\/\/hier-luebeck.de\/index.php\/wp-json\/wp\/v2\/tags?post=4691"}],"curies":[{"name":"wp","href":"https:\/\/api.w.org\/{rel}","templated":true}]}}