{"id":47261,"date":"2011-11-06T16:53:43","date_gmt":"2011-11-06T15:53:43","guid":{"rendered":"http:\/\/www.hier-luebeck.de\/?p=47261"},"modified":"2011-11-06T16:55:25","modified_gmt":"2011-11-06T15:55:25","slug":"achtung-zusatzauffuhrung-der-schimmelreiter-im-figurentheater-lubeck-am-25-nov-1930-uhr","status":"publish","type":"post","link":"https:\/\/hier-luebeck.de\/index.php\/achtung-zusatzauffuhrung-der-schimmelreiter-im-figurentheater-lubeck-am-25-nov-1930-uhr\/","title":{"rendered":"Achtung! Zusatzauff\u00fchrung &#8222;DER SCHIMMELREITER&#8220; im Figurentheater L\u00fcbeck am 25. Nov 19:30 Uhr"},"content":{"rendered":"<p>Unsere Auff\u00fchrung DER SCHIMMELREITER am 26. November ist bereits ausgebucht!<br \/>\nEs gibt nur noch eine Warteliste f\u00fcr nicht abgeholte Karten.<br \/>\nWir haben wegen der gro\u00dfen Nachfrage eine Zusatzauff\u00fchrung &#8222;DER SCHIMMELREITER&#8220; angesetzt:<\/p>\n<p>am FREITAG 25. November 19:30 Uhr<\/p>\n","protected":false},"excerpt":{"rendered":"<p>Unsere Auff\u00fchrung DER SCHIMMELREITER am 26. November ist bereits ausgebucht! Es gibt nur noch eine Warteliste f\u00fcr nicht abgeholte Karten.<\/p>\n","protected":false},"author":3,"featured_media":0,"comment_status":"open","ping_status":"open","sticky":false,"template":"","format":"standard","meta":{"colormag_page_container_layout":"default_layout","colormag_page_sidebar_layout":"default_layout","footnotes":""},"categories":[13],"tags":[],"class_list":["post-47261","post","type-post","status-publish","format-standard","hentry","category-veranstaltungen"],"_links":{"self":[{"href":"https:\/\/hier-luebeck.de\/index.php\/wp-json\/wp\/v2\/posts\/47261","targetHints":{"allow":["GET"]}}],"collection":[{"href":"https:\/\/hier-luebeck.de\/index.php\/wp-json\/wp\/v2\/posts"}],"about":[{"href":"https:\/\/hier-luebeck.de\/index.php\/wp-json\/wp\/v2\/types\/post"}],"author":[{"embeddable":true,"href":"https:\/\/hier-luebeck.de\/index.php\/wp-json\/wp\/v2\/users\/3"}],"replies":[{"embeddable":true,"href":"https:\/\/hier-luebeck.de\/index.php\/wp-json\/wp\/v2\/comments?post=47261"}],"version-history":[{"count":0,"href":"https:\/\/hier-luebeck.de\/index.php\/wp-json\/wp\/v2\/posts\/47261\/revisions"}],"wp:attachment":[{"href":"https:\/\/hier-luebeck.de\/index.php\/wp-json\/wp\/v2\/media?parent=47261"}],"wp:term":[{"taxonomy":"category","embeddable":true,"href":"https:\/\/hier-luebeck.de\/index.php\/wp-json\/wp\/v2\/categories?post=47261"},{"taxonomy":"post_tag","embeddable":true,"href":"https:\/\/hier-luebeck.de\/index.php\/wp-json\/wp\/v2\/tags?post=47261"}],"curies":[{"name":"wp","href":"https:\/\/api.w.org\/{rel}","templated":true}]}}