{"id":47283,"date":"2011-11-06T22:59:27","date_gmt":"2011-11-06T21:59:27","guid":{"rendered":"http:\/\/www.hier-luebeck.de\/?p=47283"},"modified":"2011-11-06T22:59:27","modified_gmt":"2011-11-06T21:59:27","slug":"herzlichen-gluckwunsch-alexandra-dinges-dierig","status":"publish","type":"post","link":"https:\/\/hier-luebeck.de\/index.php\/herzlichen-gluckwunsch-alexandra-dinges-dierig\/","title":{"rendered":"Herzlichen Gl\u00fcckwunsch, Alexandra Dinges-Dierig!"},"content":{"rendered":"<div>Zum Ausgang des ersten Wahlgangs bei der L\u00fcbecker B\u00fcrgermeisterwahl erkl\u00e4rt der Landesvorsitzende der CDU Schleswig-Holstein Jost de Jager: \u201eIch gratuliere Alexandra Dinges-Dierig und der L\u00fcbecker CDU zum klaren Einzug in die Stichwahl. Im Vergleich zu den letzten Umfragen hat sie in den letzten Tagen vor der Wahl\u00a0 noch einmal richtig Boden gut gemacht. Das hat sie mit einem starken Endspurt gemeinsam mit den\u00a0 L\u00fcbecker Parteifreunden erreicht.<!--more--><\/div>\n<div>Mit den richtigen Themen f\u00fcr eine positive Entwicklung der Stadt und ihrem \u00fcberzeugenden Auftreten hat Alexandra Dinges-Dierig beste Chancen den zweiten Wahlgang f\u00fcr sich zu entscheiden<br \/>\nund die erste B\u00fcrgermeisterin der Hansestadt L\u00fcbeck zu werden.\u201c<\/div>\n","protected":false},"excerpt":{"rendered":"<p>Zum Ausgang des ersten Wahlgangs bei der L\u00fcbecker B\u00fcrgermeisterwahl erkl\u00e4rt der Landesvorsitzende der CDU Schleswig-Holstein Jost de Jager: \u201eIch gratuliere<\/p>\n","protected":false},"author":3,"featured_media":0,"comment_status":"open","ping_status":"open","sticky":false,"template":"","format":"standard","meta":{"colormag_page_container_layout":"default_layout","colormag_page_sidebar_layout":"default_layout","footnotes":""},"categories":[5],"tags":[],"class_list":["post-47283","post","type-post","status-publish","format-standard","hentry","category-politik-wirtschaft"],"_links":{"self":[{"href":"https:\/\/hier-luebeck.de\/index.php\/wp-json\/wp\/v2\/posts\/47283","targetHints":{"allow":["GET"]}}],"collection":[{"href":"https:\/\/hier-luebeck.de\/index.php\/wp-json\/wp\/v2\/posts"}],"about":[{"href":"https:\/\/hier-luebeck.de\/index.php\/wp-json\/wp\/v2\/types\/post"}],"author":[{"embeddable":true,"href":"https:\/\/hier-luebeck.de\/index.php\/wp-json\/wp\/v2\/users\/3"}],"replies":[{"embeddable":true,"href":"https:\/\/hier-luebeck.de\/index.php\/wp-json\/wp\/v2\/comments?post=47283"}],"version-history":[{"count":0,"href":"https:\/\/hier-luebeck.de\/index.php\/wp-json\/wp\/v2\/posts\/47283\/revisions"}],"wp:attachment":[{"href":"https:\/\/hier-luebeck.de\/index.php\/wp-json\/wp\/v2\/media?parent=47283"}],"wp:term":[{"taxonomy":"category","embeddable":true,"href":"https:\/\/hier-luebeck.de\/index.php\/wp-json\/wp\/v2\/categories?post=47283"},{"taxonomy":"post_tag","embeddable":true,"href":"https:\/\/hier-luebeck.de\/index.php\/wp-json\/wp\/v2\/tags?post=47283"}],"curies":[{"name":"wp","href":"https:\/\/api.w.org\/{rel}","templated":true}]}}