{"id":47311,"date":"2011-11-06T15:50:14","date_gmt":"2011-11-06T15:50:14","guid":{"rendered":"http:\/\/www.hier-luebeck.de\/2011\/11\/pol-se-tater-nach-sachbeschadigung-gestellt\/"},"modified":"2011-11-06T15:50:14","modified_gmt":"2011-11-06T15:50:14","slug":"pol-se-tater-nach-sachbeschadigung-gestellt","status":"publish","type":"post","link":"https:\/\/hier-luebeck.de\/index.php\/pol-se-tater-nach-sachbeschadigung-gestellt\/","title":{"rendered":"POL-SE: T\u00e4ter nach Sachbesch\u00e4digung gestellt."},"content":{"rendered":"<p>Wedel (ots) &#8211; Einen erheblichen Wutausbruch musste ein Gast in  einer Gastwirtschaft in Wedel am 5.11.11 gegen 19.40 Uhr \u00fcber sich  ergehen lassen und wurde dabei verletzt. Auf Grund einer gr\u00f6\u00dferen  verbalen Auseinandersetzung  mit einer Angestellten der  Gastwirtschaft in der Spitzerdorfer Stra\u00dfe  war ein anderer  Mann aus der Wirtschaft verwiesen worden.<!--more--> Aus Wut dar\u00fcber, schlug dieser dann  aber ein Fenster ein  und fl\u00fcchtete. Hinter der Scheibe sa\u00df der o.a.  Gast und wurde durch die Glassplitter am Kopf  verletzt. Die  herbeigerufene Polizei konnte in der Bahnhofstra\u00dfe den T\u00e4ter stellen, der sich selbst an der Hand verletzt und mit 2,0 Promille nicht mehr  ganz n\u00fcchtern war. Beide verletzten Personen wurden zun\u00e4chst durch  die Rettungssanit\u00e4ter medizinisch erstversorgt und in das  n\u00e4chstgelegene Krankenhaus gebracht. Auf den T\u00e4ter waren nunmehr eine Anzeige wegen Sachbesch\u00e4digung und K\u00f6rperverletzung sowie die Kosten  f\u00fcr den  Rettungseinsatz.   ots Originaltext: Polizeidirektion Bad Segeberg Digitale Pressemappe: http:\/\/www.polizeipresse.de\/p_story.htx?firmaid=19027  <\/p>\n<p>Quelle: <a href=\"http:\/\/www.presseportal.de\/polizeipresse\/pm\/19027\/2142565\/pol-se-taeter-nach-sachbeschaedigung-gestellt\/api\" target=\"_blank\">presseportal.de<\/a><\/p>\n","protected":false},"excerpt":{"rendered":"<p>Wedel (ots) &#8211; Einen erheblichen Wutausbruch musste ein Gast in einer Gastwirtschaft in Wedel am 5.11.11 gegen 19.40 Uhr \u00fcber<\/p>\n","protected":false},"author":3,"featured_media":0,"comment_status":"open","ping_status":"open","sticky":false,"template":"","format":"standard","meta":{"colormag_page_container_layout":"default_layout","colormag_page_sidebar_layout":"default_layout","footnotes":""},"categories":[20],"tags":[],"class_list":["post-47311","post","type-post","status-publish","format-standard","hentry","category-besondere-neuigkeiten"],"_links":{"self":[{"href":"https:\/\/hier-luebeck.de\/index.php\/wp-json\/wp\/v2\/posts\/47311","targetHints":{"allow":["GET"]}}],"collection":[{"href":"https:\/\/hier-luebeck.de\/index.php\/wp-json\/wp\/v2\/posts"}],"about":[{"href":"https:\/\/hier-luebeck.de\/index.php\/wp-json\/wp\/v2\/types\/post"}],"author":[{"embeddable":true,"href":"https:\/\/hier-luebeck.de\/index.php\/wp-json\/wp\/v2\/users\/3"}],"replies":[{"embeddable":true,"href":"https:\/\/hier-luebeck.de\/index.php\/wp-json\/wp\/v2\/comments?post=47311"}],"version-history":[{"count":0,"href":"https:\/\/hier-luebeck.de\/index.php\/wp-json\/wp\/v2\/posts\/47311\/revisions"}],"wp:attachment":[{"href":"https:\/\/hier-luebeck.de\/index.php\/wp-json\/wp\/v2\/media?parent=47311"}],"wp:term":[{"taxonomy":"category","embeddable":true,"href":"https:\/\/hier-luebeck.de\/index.php\/wp-json\/wp\/v2\/categories?post=47311"},{"taxonomy":"post_tag","embeddable":true,"href":"https:\/\/hier-luebeck.de\/index.php\/wp-json\/wp\/v2\/tags?post=47311"}],"curies":[{"name":"wp","href":"https:\/\/api.w.org\/{rel}","templated":true}]}}